{"id":46449,"date":"2025-12-29T15:49:23","date_gmt":"2025-12-29T15:49:23","guid":{"rendered":"https:\/\/camcomcba.com.ar\/?p=18727"},"modified":"2025-12-29T15:49:23","modified_gmt":"2025-12-29T15:49:23","slug":"la-camara-de-comercio-de-cordoba-dio-cierre-a-la-accion-el-centro-esta-de-fiesta","status":"publish","type":"post","link":"https:\/\/economiapoliticacba.com\/?p=46449","title":{"rendered":"La C\u00e1mara de Comercio de C\u00f3rdoba dio cierre a la acci\u00f3n \u201cEl Centro est\u00e1 de Fiesta\u201d"},"content":{"rendered":"<p><img loading=\"lazy\" width=\"1169\" height=\"720\" src=\"http:\/\/economiapoliticacba.com\/wp-content\/uploads\/2025\/12\/la-camara-de-comercio-de-cordoba-dio-cierre-a-la-accion-el-centro-esta-de-fiesta.png\" class=\"imgres wp-post-image\" alt decoding=\"async\" fetchpriority=\"high\" srcset=\"http:\/\/economiapoliticacba.com\/wp-content\/uploads\/2025\/12\/la-camara-de-comercio-de-cordoba-dio-cierre-a-la-accion-el-centro-esta-de-fiesta.png 1169w, http:\/\/economiapoliticacba.com\/wp-content\/uploads\/2025\/12\/la-camara-de-comercio-de-cordoba-dio-cierre-a-la-accion-el-centro-esta-de-fiesta-1.png 585w, http:\/\/economiapoliticacba.com\/wp-content\/uploads\/2025\/12\/la-camara-de-comercio-de-cordoba-dio-cierre-a-la-accion-el-centro-esta-de-fiesta-2.png 768w, http:\/\/economiapoliticacba.com\/wp-content\/uploads\/2025\/12\/la-camara-de-comercio-de-cordoba-dio-cierre-a-la-accion-el-centro-esta-de-fiesta-3.png 1536w, http:\/\/economiapoliticacba.com\/wp-content\/uploads\/2025\/12\/la-camara-de-comercio-de-cordoba-dio-cierre-a-la-accion-el-centro-esta-de-fiesta-4.png 1754w\" sizes=\"(max-width: 1169px) 100vw, 1169px\"><small class=\"text-right\">29\/12\/2025<\/small> <\/p>\n<hr>\n<p><small><\/small><\/p>\n<hr>\n<p data-start=\"262\" data-end=\"484\">La C\u00e1mara de Comercio de C\u00f3rdoba realiz\u00f3 el cierre de la acci\u00f3n <strong data-start=\"326\" data-end=\"356\">\u201cEl Centro est\u00e1 de Fiesta\u201d<\/strong>, una iniciativa conjunta que acompa\u00f1\u00f3 a los comercios del \u00e1rea central e impuls\u00f3 las compras durante las fiestas de fin de a\u00f1o.<\/p>\n<p data-start=\"486\" data-end=\"796\">El sorteo final se llev\u00f3 a cabo en la <strong data-start=\"524\" data-end=\"546\">Loter\u00eda de C\u00f3rdoba<\/strong> y cont\u00f3 con la participaci\u00f3n de nuestro presidente, <strong data-start=\"599\" data-end=\"618\">Sebasti\u00e1n Parra<\/strong>, marcando el cierre de una campa\u00f1a que tuvo como objetivo principal generar mayor movimiento comercial y acompa\u00f1ar al sector en una de las fechas m\u00e1s importantes del a\u00f1o.<\/p>\n<p data-start=\"798\" data-end=\"1061\">Esta acci\u00f3n fue impulsada por la <strong data-start=\"831\" data-end=\"864\">C\u00e1mara de Comercio de C\u00f3rdoba<\/strong>, junto a <strong data-start=\"874\" data-end=\"896\">Loter\u00eda de C\u00f3rdoba<\/strong>, <strong data-start=\"898\" data-end=\"937\">Gobierno de la Provincia de C\u00f3rdoba<\/strong>, <strong data-start=\"939\" data-end=\"967\">Municipalidad de C\u00f3rdoba<\/strong> y <strong data-start=\"970\" data-end=\"990\">Banco de C\u00f3rdoba<\/strong>, en el marco del trabajo articulado entre el sector p\u00fablico y privado.<\/p>\n<p data-start=\"1063\" data-end=\"1274\">Desde la C\u00e1mara de Comercio de C\u00f3rdoba continuamos promoviendo iniciativas que fortalecen al comercio local, fomentan el consumo y consolidan el trabajo conjunto para el desarrollo del \u00e1rea central de la ciudad.<\/p>\n<p data-start=\"1276\" data-end=\"1421\">Agradecemos a todos los comercios y vecinos que fueron parte de esta propuesta y contribuyeron a que <strong data-start=\"1377\" data-end=\"1407\">\u201cEl Centro est\u00e1 de Fiesta\u201d<\/strong> sea un \u00e9xito.<\/p>\n<h3 data-start=\"1276\" data-end=\"1421\">Para poder ver el sorteo <strong><a href=\"https:\/\/www.youtube.com\/watch?v=oQikGUXws68\" target=\"_blank\" rel=\"noopener\">hac\u00e9 clik<\/a> <\/strong>y no te pierdas todos los detalles de la acci\u00f3n.<\/h3>\n<hr>\n","protected":false},"excerpt":{"rendered":"<p>29\/12\/2025 La C\u00e1mara de Comercio de C\u00f3rdoba realiz\u00f3 el cierre de la acci\u00f3n \u201cEl Centro est\u00e1 de Fiesta\u201d, una iniciativa conjunta que acompa\u00f1\u00f3 a los comercios del \u00e1rea central e impuls\u00f3 las compras durante las fiestas de fin de a\u00f1o. El sorteo final se llev\u00f3 a cabo en la Loter\u00eda de C\u00f3rdoba y cont\u00f3 con [&hellip;]<\/p>\n","protected":false},"author":1,"featured_media":46450,"comment_status":"closed","ping_status":"closed","sticky":false,"template":"","format":"standard","meta":{"om_disable_all_campaigns":false,"_monsterinsights_skip_tracking":false,"_monsterinsights_sitenote_active":false,"_monsterinsights_sitenote_note":"","_monsterinsights_sitenote_category":0},"categories":[17,19],"tags":[],"aioseo_notices":[],"_links":{"self":[{"href":"https:\/\/economiapoliticacba.com\/index.php?rest_route=\/wp\/v2\/posts\/46449"}],"collection":[{"href":"https:\/\/economiapoliticacba.com\/index.php?rest_route=\/wp\/v2\/posts"}],"about":[{"href":"https:\/\/economiapoliticacba.com\/index.php?rest_route=\/wp\/v2\/types\/post"}],"author":[{"embeddable":true,"href":"https:\/\/economiapoliticacba.com\/index.php?rest_route=\/wp\/v2\/users\/1"}],"replies":[{"embeddable":true,"href":"https:\/\/economiapoliticacba.com\/index.php?rest_route=%2Fwp%2Fv2%2Fcomments&post=46449"}],"version-history":[{"count":0,"href":"https:\/\/economiapoliticacba.com\/index.php?rest_route=\/wp\/v2\/posts\/46449\/revisions"}],"wp:featuredmedia":[{"embeddable":true,"href":"https:\/\/economiapoliticacba.com\/index.php?rest_route=\/wp\/v2\/media\/46450"}],"wp:attachment":[{"href":"https:\/\/economiapoliticacba.com\/index.php?rest_route=%2Fwp%2Fv2%2Fmedia&parent=46449"}],"wp:term":[{"taxonomy":"category","embeddable":true,"href":"https:\/\/economiapoliticacba.com\/index.php?rest_route=%2Fwp%2Fv2%2Fcategories&post=46449"},{"taxonomy":"post_tag","embeddable":true,"href":"https:\/\/economiapoliticacba.com\/index.php?rest_route=%2Fwp%2Fv2%2Ftags&post=46449"}],"curies":[{"name":"wp","href":"https:\/\/api.w.org\/{rel}","templated":true}]}}