{"id":46408,"date":"2025-12-28T23:00:00","date_gmt":"2025-12-28T23:00:00","guid":{"rendered":"http:\/\/6951232521287746615ae787"},"modified":"2025-12-28T23:00:00","modified_gmt":"2025-12-28T23:00:00","slug":"el-calor-ya-se-instalo-en-cordoba-y-se-esperan-maximas-de-40-grados-para-la-semana","status":"publish","type":"post","link":"https:\/\/economiapoliticacba.com\/?p=46408","title":{"rendered":"El calor ya se instal\u00f3 en C\u00f3rdoba y se esperan m\u00e1ximas de 40 grados para la semana"},"content":{"rendered":"<p><img src=\"http:\/\/economiapoliticacba.com\/wp-content\/uploads\/2025\/12\/el-calor-ya-se-instalo-en-cordoba-y-se-esperan-maximas-de-40-grados-para-la-semana.jpg\"><\/p>\n<p>Los casi 40 grados que se registraron el s\u00e1bado en el Departamento Cruz del Eje fueron solo un anticipo de que la primera ola de calor del a\u00f1o ya se instal\u00f3 en nuestra provincia.<\/p>\n<p>En la zona centro, principalmente la capital, las m\u00e1ximas llegar\u00edan a esos valores entre el mi\u00e9rcoles 31 de diciembre y el jueves 1 de enero, sin precipitaciones a la vista.<\/p>\n<p>Previo a eso, el Observatorio C\u00f3rdoba marc\u00f3 que en la Docta la m\u00e1xima del primer d\u00eda del fin de semana lleg\u00f3 a los 32,6 grados a las 16:50, mientras que la m\u00ednima del domingo se ubic\u00f3 en los 20,7 grados a las 6:40.<\/p>\n<figure class=\"multimedia\" data-tadevel-template=\"web\/multimedia\" data-type=\"photo\">\n<div class=\"content\">\n<div class=\"sizer\" data-sizer=\"aspect-ratio\" data-tadevel-template=\"web\/aspect-ratio\"><img alt=\"El calor ya se instal\u00f3 en C\u00f3rdoba y se esperan m\u00e1ximas de 40 grados para la semana\" loading=\"lazy\"><\/div>\n<\/div>\n<\/figure>\n<p>El domingo fue un d\u00eda caluroso y hubo tormentas en distintas zonas serranas.<\/p>\n<p>El Servicio Meteorol\u00f3gico Nacional (SMN) prev\u00e9 que desde el lunes se produzca un marcado ascenso de la columna mercurial, lo que determinar\u00e1 que en todo el \u00e1mbito provincial se avecina una semana sofocante.<\/p>\n","protected":false},"excerpt":{"rendered":"<p>Los casi 40 grados que se registraron el s\u00e1bado en el Departamento Cruz del Eje fueron solo un anticipo de que la primera ola de calor del a\u00f1o ya se instal\u00f3 en nuestra provincia. En la zona centro, principalmente la capital, las m\u00e1ximas llegar\u00edan a esos valores entre el mi\u00e9rcoles 31 de diciembre y el [&hellip;]<\/p>\n","protected":false},"author":1,"featured_media":46409,"comment_status":"closed","ping_status":"closed","sticky":false,"template":"","format":"standard","meta":{"om_disable_all_campaigns":false,"_monsterinsights_skip_tracking":false,"_monsterinsights_sitenote_active":false,"_monsterinsights_sitenote_note":"","_monsterinsights_sitenote_category":0},"categories":[18],"tags":[],"aioseo_notices":[],"_links":{"self":[{"href":"https:\/\/economiapoliticacba.com\/index.php?rest_route=\/wp\/v2\/posts\/46408"}],"collection":[{"href":"https:\/\/economiapoliticacba.com\/index.php?rest_route=\/wp\/v2\/posts"}],"about":[{"href":"https:\/\/economiapoliticacba.com\/index.php?rest_route=\/wp\/v2\/types\/post"}],"author":[{"embeddable":true,"href":"https:\/\/economiapoliticacba.com\/index.php?rest_route=\/wp\/v2\/users\/1"}],"replies":[{"embeddable":true,"href":"https:\/\/economiapoliticacba.com\/index.php?rest_route=%2Fwp%2Fv2%2Fcomments&post=46408"}],"version-history":[{"count":0,"href":"https:\/\/economiapoliticacba.com\/index.php?rest_route=\/wp\/v2\/posts\/46408\/revisions"}],"wp:featuredmedia":[{"embeddable":true,"href":"https:\/\/economiapoliticacba.com\/index.php?rest_route=\/wp\/v2\/media\/46409"}],"wp:attachment":[{"href":"https:\/\/economiapoliticacba.com\/index.php?rest_route=%2Fwp%2Fv2%2Fmedia&parent=46408"}],"wp:term":[{"taxonomy":"category","embeddable":true,"href":"https:\/\/economiapoliticacba.com\/index.php?rest_route=%2Fwp%2Fv2%2Fcategories&post=46408"},{"taxonomy":"post_tag","embeddable":true,"href":"https:\/\/economiapoliticacba.com\/index.php?rest_route=%2Fwp%2Fv2%2Ftags&post=46408"}],"curies":[{"name":"wp","href":"https:\/\/api.w.org\/{rel}","templated":true}]}}