{"id":46405,"date":"2025-12-29T02:27:00","date_gmt":"2025-12-29T02:27:00","guid":{"rendered":"http:\/\/6951e67d21287746615fc2f1"},"modified":"2025-12-29T02:27:00","modified_gmt":"2025-12-29T02:27:00","slug":"bebelo-reynoso-deja-talleres-y-continuara-su-carrera-en-colombia","status":"publish","type":"post","link":"https:\/\/economiapoliticacba.com\/?p=46405","title":{"rendered":"\u201cBebelo\u201d Reynoso deja Talleres y continuar\u00e1 su carrera en Colombia"},"content":{"rendered":"<p><img src=\"http:\/\/economiapoliticacba.com\/wp-content\/uploads\/2025\/12\/bebelo-reynoso-deja-talleres-y-continuara-su-carrera-en-colombia.jpg\"><\/p>\n<p>Se confirma una baja en la ofensiva de <strong>Talleres<\/strong> de cara a la pr\u00f3xima temporada.&nbsp;<\/p>\n<p>Tras su regreso al Matador, <strong>Emanuel Reynoso<\/strong> armar\u00e1 las valijas nuevamente para tener una experiencia en el exterior, esta vez en la liga colombiana.<\/p>\n<figure class=\"multimedia\" data-tadevel-template=\"web\/multimedia\" data-type=\"photo\">\n<div class=\"content\">\n<div class=\"sizer\" data-sizer=\"aspect-ratio\" data-tadevel-template=\"web\/aspect-ratio\"><img alt=\"\u201cBebelo\u201d Reynoso deja Talleres y continuar\u00e1 su carrera en Colombia\" loading=\"lazy\"><\/div>\n<\/div>\n<\/figure>\n<p>El destino del &#8220;Rey&#8221; ser\u00e1 el <strong>Deportivo Cali<\/strong>. Seg\u00fan trascendi\u00f3, las partes llegaron a un acuerdo de palabra y, a falta de la firma oficial, el mediocampista vestir\u00e1 la camiseta &#8220;verdiblanca&#8221; durante el 2026.<\/p>\n<p><strong>Las condiciones del pase<\/strong><\/p>\n<p>La operaci\u00f3n se cerr\u00f3 bajo la modalidad de <strong>pr\u00e9stamo por un a\u00f1o<\/strong>, sin cargo y sin opci\u00f3n de compra, por lo que el jugador deber\u00e1 retornar a la &#8220;T&#8221; una vez finalizado el v\u00ednculo.<\/p>\n<p><strong>Los n\u00fameros de su regreso<\/strong><\/p>\n<p>Reynoso cierra as\u00ed su segundo ciclo en la instituci\u00f3n albiazul con un balance irregular. En esta etapa, disput\u00f3 un total de <strong>26 partidos<\/strong>, en los cuales convirti\u00f3 un gol y aport\u00f3 una asistencia, sin lograr consolidarse como el conductor indiscutido del equipo.<\/p>\n","protected":false},"excerpt":{"rendered":"<p>Se confirma una baja en la ofensiva de Talleres de cara a la pr\u00f3xima temporada.&nbsp; Tras su regreso al Matador, Emanuel Reynoso armar\u00e1 las valijas nuevamente para tener una experiencia en el exterior, esta vez en la liga colombiana. El destino del &#8220;Rey&#8221; ser\u00e1 el Deportivo Cali. Seg\u00fan trascendi\u00f3, las partes llegaron a un acuerdo [&hellip;]<\/p>\n","protected":false},"author":1,"featured_media":46406,"comment_status":"closed","ping_status":"closed","sticky":false,"template":"","format":"standard","meta":{"om_disable_all_campaigns":false,"_monsterinsights_skip_tracking":false,"_monsterinsights_sitenote_active":false,"_monsterinsights_sitenote_note":"","_monsterinsights_sitenote_category":0},"categories":[18],"tags":[],"aioseo_notices":[],"_links":{"self":[{"href":"https:\/\/economiapoliticacba.com\/index.php?rest_route=\/wp\/v2\/posts\/46405"}],"collection":[{"href":"https:\/\/economiapoliticacba.com\/index.php?rest_route=\/wp\/v2\/posts"}],"about":[{"href":"https:\/\/economiapoliticacba.com\/index.php?rest_route=\/wp\/v2\/types\/post"}],"author":[{"embeddable":true,"href":"https:\/\/economiapoliticacba.com\/index.php?rest_route=\/wp\/v2\/users\/1"}],"replies":[{"embeddable":true,"href":"https:\/\/economiapoliticacba.com\/index.php?rest_route=%2Fwp%2Fv2%2Fcomments&post=46405"}],"version-history":[{"count":0,"href":"https:\/\/economiapoliticacba.com\/index.php?rest_route=\/wp\/v2\/posts\/46405\/revisions"}],"wp:featuredmedia":[{"embeddable":true,"href":"https:\/\/economiapoliticacba.com\/index.php?rest_route=\/wp\/v2\/media\/46406"}],"wp:attachment":[{"href":"https:\/\/economiapoliticacba.com\/index.php?rest_route=%2Fwp%2Fv2%2Fmedia&parent=46405"}],"wp:term":[{"taxonomy":"category","embeddable":true,"href":"https:\/\/economiapoliticacba.com\/index.php?rest_route=%2Fwp%2Fv2%2Fcategories&post=46405"},{"taxonomy":"post_tag","embeddable":true,"href":"https:\/\/economiapoliticacba.com\/index.php?rest_route=%2Fwp%2Fv2%2Ftags&post=46405"}],"curies":[{"name":"wp","href":"https:\/\/api.w.org\/{rel}","templated":true}]}}