{"id":46384,"date":"2025-12-27T17:34:00","date_gmt":"2025-12-27T17:34:00","guid":{"rendered":"http:\/\/695018b22128774661526742"},"modified":"2025-12-27T17:34:00","modified_gmt":"2025-12-27T17:34:00","slug":"motosierra-al-deporte-fuerte-recorte-de-javier-milei-a-los-atletas-y-clubes-argentinos","status":"publish","type":"post","link":"https:\/\/economiapoliticacba.com\/?p=46384","title":{"rendered":"Motosierra al deporte: fuerte recorte de Javier Milei a los atletas y clubes argentinos"},"content":{"rendered":"<p><img src=\"http:\/\/economiapoliticacba.com\/wp-content\/uploads\/2025\/12\/motosierra-al-deporte-fuerte-recorte-de-javier-milei-a-los-atletas-y-clubes-argentinos.jpg\"><\/p>\n<p>El deporte argentino enfrentar\u00e1 un 2026 complejo tras la aprobaci\u00f3n del Presupuesto Nacional en el Senado.&nbsp;<\/p>\n<p>Con la pol\u00edtica de ajuste del Gobierno de Javier Milei, el sector sufrir\u00e1 una ca\u00edda interanual del <strong>8% en t\u00e9rminos reales<\/strong>, pero el golpe es devastador si se mira el retroceso acumulado, llegando a una merma del <strong>66% respecto a 2023<\/strong><span>.<\/span><\/p>\n<h3>Los clubes de barrio, los m\u00e1s golpeados<\/h3>\n<p>Los espacios, que cumplen un rol de contenci\u00f3n social clave, ver\u00e1n reducidos sus fondos en un <strong>78%<\/strong> comparado con 2025.<\/p>\n<p>Si la comparaci\u00f3n se hace contra 2023, la reducci\u00f3n es del <strong>98,6%<\/strong><span>.<\/span> Para todo el a\u00f1o pr\u00f3ximo, se prev\u00e9 una partida de apenas <strong>$250 millones<\/strong> para distribuir entre todas las instituciones del pa\u00eds, lo que anticipa cierres de actividades y deterioro edilicio.<\/p>\n<figure class=\"multimedia\" data-tadevel-template=\"web\/multimedia\" data-type=\"photo\">\n<div class=\"content\">\n<div class=\"sizer\" data-sizer=\"aspect-ratio\" data-tadevel-template=\"web\/aspect-ratio\"><img alt=\"Motosierra al deporte: fuerte recorte de Javier Milei a los atletas y clubes argentinos\" loading=\"lazy\"><\/div>\n<\/div><figcaption class=\"caption\">\n<div class=\"attribution\">Foto: gentileza.<\/div>\n<\/figcaption><\/figure>\n<h3><strong>Menos becas para los atletas<\/strong>&nbsp;<\/h3>\n<p>El Alto Rendimiento no escapa a la tijera. Se proyecta una baja del <strong>15% interanual<\/strong><span> en la cantidad de becas.<\/span> El Estado prev\u00e9 otorgar <strong>978 ayudas<\/strong> (entre deportistas e instructores), una cifra lejana a las casi 1.200 que se entregaron durante los Juegos de Par\u00eds.<\/p>\n<figure class=\"multimedia\" data-tadevel-template=\"web\/multimedia\" data-type=\"photo\">\n<div class=\"content\">\n<div class=\"sizer\" data-sizer=\"aspect-ratio\" data-tadevel-template=\"web\/aspect-ratio\"><img alt=\"CeNARD.\" loading=\"lazy\"><\/div>\n<\/div><figcaption class=\"caption\">\n<div class=\"attribution\">Foto: Sec. Deportes de la Naci\u00f3n.<\/div>\n<\/figcaption><\/figure>\n<p>Esto se traduce en menos apoyo para quienes representan la bandera nacional: habr\u00e1 menos alojamiento en el CeNARD y un recorte en la asistencia m\u00e9dica y alimentaria para los competidores.<\/p>\n","protected":false},"excerpt":{"rendered":"<p>El deporte argentino enfrentar\u00e1 un 2026 complejo tras la aprobaci\u00f3n del Presupuesto Nacional en el Senado.&nbsp; Con la pol\u00edtica de ajuste del Gobierno de Javier Milei, el sector sufrir\u00e1 una ca\u00edda interanual del 8% en t\u00e9rminos reales, pero el golpe es devastador si se mira el retroceso acumulado, llegando a una merma del 66% respecto [&hellip;]<\/p>\n","protected":false},"author":1,"featured_media":46385,"comment_status":"closed","ping_status":"closed","sticky":false,"template":"","format":"standard","meta":{"om_disable_all_campaigns":false,"_monsterinsights_skip_tracking":false,"_monsterinsights_sitenote_active":false,"_monsterinsights_sitenote_note":"","_monsterinsights_sitenote_category":0},"categories":[18],"tags":[],"aioseo_notices":[],"_links":{"self":[{"href":"https:\/\/economiapoliticacba.com\/index.php?rest_route=\/wp\/v2\/posts\/46384"}],"collection":[{"href":"https:\/\/economiapoliticacba.com\/index.php?rest_route=\/wp\/v2\/posts"}],"about":[{"href":"https:\/\/economiapoliticacba.com\/index.php?rest_route=\/wp\/v2\/types\/post"}],"author":[{"embeddable":true,"href":"https:\/\/economiapoliticacba.com\/index.php?rest_route=\/wp\/v2\/users\/1"}],"replies":[{"embeddable":true,"href":"https:\/\/economiapoliticacba.com\/index.php?rest_route=%2Fwp%2Fv2%2Fcomments&post=46384"}],"version-history":[{"count":0,"href":"https:\/\/economiapoliticacba.com\/index.php?rest_route=\/wp\/v2\/posts\/46384\/revisions"}],"wp:featuredmedia":[{"embeddable":true,"href":"https:\/\/economiapoliticacba.com\/index.php?rest_route=\/wp\/v2\/media\/46385"}],"wp:attachment":[{"href":"https:\/\/economiapoliticacba.com\/index.php?rest_route=%2Fwp%2Fv2%2Fmedia&parent=46384"}],"wp:term":[{"taxonomy":"category","embeddable":true,"href":"https:\/\/economiapoliticacba.com\/index.php?rest_route=%2Fwp%2Fv2%2Fcategories&post=46384"},{"taxonomy":"post_tag","embeddable":true,"href":"https:\/\/economiapoliticacba.com\/index.php?rest_route=%2Fwp%2Fv2%2Ftags&post=46384"}],"curies":[{"name":"wp","href":"https:\/\/api.w.org\/{rel}","templated":true}]}}