{"id":46368,"date":"2025-12-26T16:45:04","date_gmt":"2025-12-26T16:45:04","guid":{"rendered":"https:\/\/camcomcba.com.ar\/?p=18723"},"modified":"2025-12-26T16:45:04","modified_gmt":"2025-12-26T16:45:04","slug":"las-ventas-por-navidad-crecieron-un-3-en-cordoba","status":"publish","type":"post","link":"https:\/\/economiapoliticacba.com\/?p=46368","title":{"rendered":"Las ventas por Navidad crecieron un 3% en C\u00f3rdoba"},"content":{"rendered":"<p><img loading=\"lazy\" width=\"1280\" height=\"720\" src=\"http:\/\/economiapoliticacba.com\/wp-content\/uploads\/2025\/12\/las-ventas-por-navidad-crecieron-un-3-en-cordoba.png\" class=\"imgres wp-post-image\" alt decoding=\"async\" fetchpriority=\"high\" srcset=\"http:\/\/economiapoliticacba.com\/wp-content\/uploads\/2025\/12\/las-ventas-por-navidad-crecieron-un-3-en-cordoba.png 1280w, http:\/\/economiapoliticacba.com\/wp-content\/uploads\/2025\/12\/las-ventas-por-navidad-crecieron-un-3-en-cordoba-1.png 640w, http:\/\/economiapoliticacba.com\/wp-content\/uploads\/2025\/12\/las-ventas-por-navidad-crecieron-un-3-en-cordoba-2.png 320w, http:\/\/economiapoliticacba.com\/wp-content\/uploads\/2025\/12\/las-ventas-por-navidad-crecieron-un-3-en-cordoba-3.png 768w, http:\/\/economiapoliticacba.com\/wp-content\/uploads\/2025\/12\/las-ventas-por-navidad-crecieron-un-3-en-cordoba-4.png 1536w, http:\/\/economiapoliticacba.com\/wp-content\/uploads\/2025\/12\/las-ventas-por-navidad-crecieron-un-3-en-cordoba-5.png 1920w\" sizes=\"(max-width: 1280px) 100vw, 1280px\"><small class=\"text-right\">26\/12\/2025<\/small> <\/p>\n<hr>\n<p><small><\/small><\/p>\n<hr>\n<p>La <strong>C\u00e1mara de Comercio de C\u00f3rdoba<\/strong> informa los resultados del Observatorio Comercial de la <strong>Navidad 2025<\/strong>, a partir de un relevamiento exclusivo de la entidad en corredores comerciales de la ciudad y shoppings.<\/p>\n<p>Seg\u00fan el informe, las<strong> ventas navide\u00f1as en unidades crecieron un 3% comparadas con las del 2024<\/strong>. En el \u00e1rea central, las ventas estuvieron motivadas por la acci\u00f3n <strong>\u201cEl Centro est\u00e1 de Fiesta\u201d <\/strong>que incluy\u00f3 sorteos, descuentos especiales, cuotas sin inter\u00e9s y opciones de financiaci\u00f3n; acci\u00f3n impulsada por la C\u00e1mara junto al Gobierno de la Provincia, la Municipalidad de C\u00f3rdoba, Loter\u00eda de C\u00f3rdoba y Bancor.<\/p>\n<p>En tanto,<strong> la rentabilidad registr\u00f3 una ca\u00edda del 1%<\/strong> respecto a la Navidad anterior.<\/p>\n<p>En cuanto a las <strong>expectativas<\/strong>, el 45% de los comerciantes afirm\u00f3 haber alcanzado los niveles de ventas previstos para esta fecha clave.<\/p>\n<p>\u201cA ra\u00edz de un gran esfuerzo y del trabajo mancomunado entre el sector p\u00fablico y privado, se lograron resultados positivos en las ventas navide\u00f1as y se fortaleci\u00f3 la actividad comercial en una fecha clave para la actividad\u201d, dijo Sebasti\u00e1n Parra, presidente de la CCC.<\/p>\n<p>El<strong> ticket promedio se ubic\u00f3 en $120.400.<\/strong> Respecto a los m\u00e9todos de pago, la tarjeta de cr\u00e9dito fue la m\u00e1s utilizada, por encima de las billeteras virtuales. En menor medida se utiliz\u00f3 la tarjeta de d\u00e9bito, mientras que el pago en efectivo fue el menos elegido.<\/p>\n<p>Los rubros que mejor desempe\u00f1o tuvieron fueron indumentaria y calzado, marroquiner\u00eda, perfumer\u00eda, art\u00edculos deportivos, electr\u00f3nica e inform\u00e1tica.<\/p>\n<hr>\n","protected":false},"excerpt":{"rendered":"<p>26\/12\/2025 La C\u00e1mara de Comercio de C\u00f3rdoba informa los resultados del Observatorio Comercial de la Navidad 2025, a partir de un relevamiento exclusivo de la entidad en corredores comerciales de la ciudad y shoppings. Seg\u00fan el informe, las ventas navide\u00f1as en unidades crecieron un 3% comparadas con las del 2024. En el \u00e1rea central, las [&hellip;]<\/p>\n","protected":false},"author":1,"featured_media":46369,"comment_status":"closed","ping_status":"closed","sticky":false,"template":"","format":"standard","meta":{"om_disable_all_campaigns":false,"_monsterinsights_skip_tracking":false,"_monsterinsights_sitenote_active":false,"_monsterinsights_sitenote_note":"","_monsterinsights_sitenote_category":0},"categories":[17,19],"tags":[],"aioseo_notices":[],"_links":{"self":[{"href":"https:\/\/economiapoliticacba.com\/index.php?rest_route=\/wp\/v2\/posts\/46368"}],"collection":[{"href":"https:\/\/economiapoliticacba.com\/index.php?rest_route=\/wp\/v2\/posts"}],"about":[{"href":"https:\/\/economiapoliticacba.com\/index.php?rest_route=\/wp\/v2\/types\/post"}],"author":[{"embeddable":true,"href":"https:\/\/economiapoliticacba.com\/index.php?rest_route=\/wp\/v2\/users\/1"}],"replies":[{"embeddable":true,"href":"https:\/\/economiapoliticacba.com\/index.php?rest_route=%2Fwp%2Fv2%2Fcomments&post=46368"}],"version-history":[{"count":0,"href":"https:\/\/economiapoliticacba.com\/index.php?rest_route=\/wp\/v2\/posts\/46368\/revisions"}],"wp:featuredmedia":[{"embeddable":true,"href":"https:\/\/economiapoliticacba.com\/index.php?rest_route=\/wp\/v2\/media\/46369"}],"wp:attachment":[{"href":"https:\/\/economiapoliticacba.com\/index.php?rest_route=%2Fwp%2Fv2%2Fmedia&parent=46368"}],"wp:term":[{"taxonomy":"category","embeddable":true,"href":"https:\/\/economiapoliticacba.com\/index.php?rest_route=%2Fwp%2Fv2%2Fcategories&post=46368"},{"taxonomy":"post_tag","embeddable":true,"href":"https:\/\/economiapoliticacba.com\/index.php?rest_route=%2Fwp%2Fv2%2Ftags&post=46368"}],"curies":[{"name":"wp","href":"https:\/\/api.w.org\/{rel}","templated":true}]}}