{"id":46321,"date":"2025-12-25T18:58:44","date_gmt":"2025-12-25T18:58:44","guid":{"rendered":"http:\/\/694d805a2128774661342b82"},"modified":"2025-12-25T18:58:44","modified_gmt":"2025-12-25T18:58:44","slug":"pronostico-extendido-cuando-podria-volver-a-llover-en-cordoba","status":"publish","type":"post","link":"https:\/\/economiapoliticacba.com\/?p=46321","title":{"rendered":"Pron\u00f3stico extendido: cu\u00e1ndo podr\u00eda volver a llover en C\u00f3rdoba"},"content":{"rendered":"<p><img src=\"http:\/\/economiapoliticacba.com\/wp-content\/uploads\/2025\/12\/pronostico-extendido-cuando-podria-volver-a-llover-en-cordoba.jpg\"><\/p>\n<p>Con el paso de la Nochebuena, el cielo se fue despidiendo del color gris en tierras cordobesas.<\/p>\n<p>Eso s\u00ed, no resulta f\u00e1cil dejar atr\u00e1s los casi 35 grados que marc\u00f3 el mercurio el mi\u00e9rcoles.<\/p>\n<figure class=\"multimedia\" data-html data-tadevel-template=\"web\/multimedia\" data-type=\"rich\" data-url=\"https:\/\/twitter.com\/SMN_Cordoba\/status\/2004157766286622872\"><figcaption class=\"caption\">\n<div class=\"description\">X de Observatorio C\u00f3rdoba<\/div>\n<\/figcaption><\/figure>\n<p>Pero el mejoramiento en las condiciones fue un hecho, y las previsiones apuntan a elevadas marcas por estos d\u00edas.<\/p>\n<p>La continuidad tiene un jueves navide\u00f1o con nubes disip\u00e1ndose, humedad muy alta y temperatura en incremento.<\/p>\n<figure class=\"multimedia\" data-html data-tadevel-template=\"web\/multimedia\" data-type=\"rich\" data-url=\"https:\/\/www.cba24n.com.ar\/cordoba\/navidad-y-mas--tras-las-tormentas--como-continua-el-tiempo-en-cordoba_a694bad5c21287746612a9cbc\"><figcaption class=\"caption\">\n<div class=\"description\">Navidad y m\u00e1s: tras las tormentas, c\u00f3mo contin\u00faa el tiempo en C\u00f3rdoba<\/div>\n<\/figcaption><\/figure>\n<p>Para el viernes el sol sigue tomando fuerza, y es apoyado por fuertes vientos.<\/p>\n<p>Con r\u00e1fagas que se estiman en los 50 kil\u00f3metros por hora, la m\u00e1xima alcanzar\u00eda los 33 grados.<\/p>\n<figure class=\"multimedia\" data-tadevel-template=\"web\/multimedia\" data-type=\"photo\">\n<div class=\"content\">\n<div class=\"sizer\" data-sizer=\"aspect-ratio\" data-tadevel-template=\"web\/aspect-ratio\"><img alt=\"Pron\u00f3stico extendido: cu\u00e1ndo podr\u00eda volver a llover en C\u00f3rdoba\" loading=\"lazy\"><\/div>\n<\/div>\n<\/figure>\n<p>El s\u00e1bado, finalmente, la inestabilidad insiste. Desde las primeras horas, en la Capital y varios sectores aleda\u00f1os se presentan tormentas, aunque con car\u00e1cter aislado.<\/p>\n<p>La chance de precipitaciones podr\u00eda extenderse hasta la tarde. Eso s\u00ed, las marcas siguen siendo altas.<\/p>\n","protected":false},"excerpt":{"rendered":"<p>Con el paso de la Nochebuena, el cielo se fue despidiendo del color gris en tierras cordobesas. Eso s\u00ed, no resulta f\u00e1cil dejar atr\u00e1s los casi 35 grados que marc\u00f3 el mercurio el mi\u00e9rcoles. X de Observatorio C\u00f3rdoba Pero el mejoramiento en las condiciones fue un hecho, y las previsiones apuntan a elevadas marcas por [&hellip;]<\/p>\n","protected":false},"author":1,"featured_media":46322,"comment_status":"closed","ping_status":"closed","sticky":false,"template":"","format":"standard","meta":{"om_disable_all_campaigns":false,"_monsterinsights_skip_tracking":false,"_monsterinsights_sitenote_active":false,"_monsterinsights_sitenote_note":"","_monsterinsights_sitenote_category":0},"categories":[18],"tags":[],"aioseo_notices":[],"_links":{"self":[{"href":"https:\/\/economiapoliticacba.com\/index.php?rest_route=\/wp\/v2\/posts\/46321"}],"collection":[{"href":"https:\/\/economiapoliticacba.com\/index.php?rest_route=\/wp\/v2\/posts"}],"about":[{"href":"https:\/\/economiapoliticacba.com\/index.php?rest_route=\/wp\/v2\/types\/post"}],"author":[{"embeddable":true,"href":"https:\/\/economiapoliticacba.com\/index.php?rest_route=\/wp\/v2\/users\/1"}],"replies":[{"embeddable":true,"href":"https:\/\/economiapoliticacba.com\/index.php?rest_route=%2Fwp%2Fv2%2Fcomments&post=46321"}],"version-history":[{"count":0,"href":"https:\/\/economiapoliticacba.com\/index.php?rest_route=\/wp\/v2\/posts\/46321\/revisions"}],"wp:featuredmedia":[{"embeddable":true,"href":"https:\/\/economiapoliticacba.com\/index.php?rest_route=\/wp\/v2\/media\/46322"}],"wp:attachment":[{"href":"https:\/\/economiapoliticacba.com\/index.php?rest_route=%2Fwp%2Fv2%2Fmedia&parent=46321"}],"wp:term":[{"taxonomy":"category","embeddable":true,"href":"https:\/\/economiapoliticacba.com\/index.php?rest_route=%2Fwp%2Fv2%2Fcategories&post=46321"},{"taxonomy":"post_tag","embeddable":true,"href":"https:\/\/economiapoliticacba.com\/index.php?rest_route=%2Fwp%2Fv2%2Ftags&post=46321"}],"curies":[{"name":"wp","href":"https:\/\/api.w.org\/{rel}","templated":true}]}}