{"id":46319,"date":"2025-12-26T04:12:33","date_gmt":"2025-12-26T04:12:33","guid":{"rendered":"http:\/\/694e0818212877466138ce19"},"modified":"2025-12-26T04:12:33","modified_gmt":"2025-12-26T04:12:33","slug":"ano-nuevo-2026-villa-carlos-paz-prepara-show-pirotecnico-y-evalua-espectaculo-de-drones","status":"publish","type":"post","link":"https:\/\/economiapoliticacba.com\/?p=46319","title":{"rendered":"A\u00f1o Nuevo 2026: Villa Carlos Paz prepara show pirot\u00e9cnico y eval\u00faa espect\u00e1culo de drones"},"content":{"rendered":"<p><img src=\"http:\/\/economiapoliticacba.com\/wp-content\/uploads\/2025\/12\/ano-nuevo-2026-villa-carlos-paz-prepara-show-pirotecnico-y-evalua-espectaculo-de-drones.jpg\"><\/p>\n<p>La ciudad de Villa Carlos Paz volver\u00e1 a celebrar la llegada del A\u00f1o Nuevo con un espect\u00e1culo de fuegos artificiales que iluminar\u00e1 el cielo en los primeros minutos del 1 de enero de 2026. Como ocurre cada temporada, el evento reunir\u00e1 a miles de personas en la costanera del lago San Roque, uno de los puntos m\u00e1s convocantes de la Villa.<\/p>\n<p>El show ya fue confirmado oficialmente y, una vez m\u00e1s, estar\u00e1 a cargo de la empresa Chialvo, encargada del despliegue pirot\u00e9cnico desde hace varias ediciones. En los \u00faltimos a\u00f1os, la propuesta incorpor\u00f3 tramos denominados <i>pet friendly<\/i>, con menor intensidad sonora y el uso de luces fr\u00edas, buscando atenuar el impacto en mascotas y en personas con sensibilidad auditiva.<\/p>\n<figure class=\"multimedia\" data-tadevel-template=\"web\/multimedia\" data-type=\"photo\">\n<div class=\"content\">\n<div class=\"sizer\" data-sizer=\"aspect-ratio\" data-tadevel-template=\"web\/aspect-ratio\"><img alt=\"Todos los a\u00f1os un cl\u00e1sico: la reuni\u00f3n y la pol\u00e9mica (Foto: archivo)\" loading=\"lazy\"><\/div>\n<\/div><figcaption class=\"caption\">\n<div class=\"description\">Todos los a\u00f1os un cl\u00e1sico: la reuni\u00f3n y la pol\u00e9mica (Foto: archivo)<\/div>\n<\/figcaption><\/figure>\n<p><strong>\u00bfHabr\u00e1 un espect\u00e1culo de drones?<\/strong><\/p>\n<p>De acuerdo con lo informado por Carlos Paz Vivo!, durante este a\u00f1o se trabaja en la posibilidad de sumar un show de drones, similar al que sorprendi\u00f3 al p\u00fablico en la \u00faltima Fiesta de la Primavera. De concretarse, aportar\u00eda una alternativa visual innovadora al tradicional despliegue de fuegos artificiales y se convertir\u00eda en una de las principales novedades para recibir el 2026.<\/p>\n<p>Tal como es habitual, el espect\u00e1culo pirot\u00e9cnico comenzar\u00e1 a la 1 de la madrugada del 1\u00b0 de enero, con una duraci\u00f3n estimada de unos 10 minutos. El Puente Uruguay ser\u00e1 nuevamente el escenario central desde donde se realizar\u00e1n los lanzamientos. Desde horas tempranas, muchas familias suelen ubicarse en la costanera para asegurar un buen lugar, mientras que otras llegan luego del brindis de medianoche y se suman a la multitud que rodea el puente.<\/p>\n<p>No obstante, el evento vuelve a generar debate. Cada a\u00f1o el show despierta posturas encontradas: mientras una parte del p\u00fablico lo destaca como un cl\u00e1sico festivo y un atractivo tur\u00edstico de gran relevancia, otros sectores manifiestan su rechazo, especialmente organizaciones defensoras de animales y vecinos preocupados por el impacto en mascotas y en personas con trastornos del espectro autista. Tambi\u00e9n se repiten los cuestionamientos por el costo del espect\u00e1culo en un contexto econ\u00f3mico complejo.<\/p>\n<p>A pesar de estas discusiones, el municipio renueva su apuesta por el show como una imagen emblem\u00e1tica del inicio de a\u00f1o, con la expectativa de conjugar tradici\u00f3n, turismo y emoci\u00f3n en uno de los destinos m\u00e1s visitados del pa\u00eds.<\/p>\n","protected":false},"excerpt":{"rendered":"<p>La ciudad de Villa Carlos Paz volver\u00e1 a celebrar la llegada del A\u00f1o Nuevo con un espect\u00e1culo de fuegos artificiales que iluminar\u00e1 el cielo en los primeros minutos del 1 de enero de 2026. Como ocurre cada temporada, el evento reunir\u00e1 a miles de personas en la costanera del lago San Roque, uno de los [&hellip;]<\/p>\n","protected":false},"author":1,"featured_media":46320,"comment_status":"closed","ping_status":"closed","sticky":false,"template":"","format":"standard","meta":{"om_disable_all_campaigns":false,"_monsterinsights_skip_tracking":false,"_monsterinsights_sitenote_active":false,"_monsterinsights_sitenote_note":"","_monsterinsights_sitenote_category":0},"categories":[18],"tags":[],"aioseo_notices":[],"_links":{"self":[{"href":"https:\/\/economiapoliticacba.com\/index.php?rest_route=\/wp\/v2\/posts\/46319"}],"collection":[{"href":"https:\/\/economiapoliticacba.com\/index.php?rest_route=\/wp\/v2\/posts"}],"about":[{"href":"https:\/\/economiapoliticacba.com\/index.php?rest_route=\/wp\/v2\/types\/post"}],"author":[{"embeddable":true,"href":"https:\/\/economiapoliticacba.com\/index.php?rest_route=\/wp\/v2\/users\/1"}],"replies":[{"embeddable":true,"href":"https:\/\/economiapoliticacba.com\/index.php?rest_route=%2Fwp%2Fv2%2Fcomments&post=46319"}],"version-history":[{"count":0,"href":"https:\/\/economiapoliticacba.com\/index.php?rest_route=\/wp\/v2\/posts\/46319\/revisions"}],"wp:featuredmedia":[{"embeddable":true,"href":"https:\/\/economiapoliticacba.com\/index.php?rest_route=\/wp\/v2\/media\/46320"}],"wp:attachment":[{"href":"https:\/\/economiapoliticacba.com\/index.php?rest_route=%2Fwp%2Fv2%2Fmedia&parent=46319"}],"wp:term":[{"taxonomy":"category","embeddable":true,"href":"https:\/\/economiapoliticacba.com\/index.php?rest_route=%2Fwp%2Fv2%2Fcategories&post=46319"},{"taxonomy":"post_tag","embeddable":true,"href":"https:\/\/economiapoliticacba.com\/index.php?rest_route=%2Fwp%2Fv2%2Ftags&post=46319"}],"curies":[{"name":"wp","href":"https:\/\/api.w.org\/{rel}","templated":true}]}}