{"id":46291,"date":"2025-12-24T17:22:00","date_gmt":"2025-12-24T17:22:00","guid":{"rendered":"http:\/\/694c20bd21287746612d5801"},"modified":"2025-12-24T17:22:00","modified_gmt":"2025-12-24T17:22:00","slug":"dogos-xv-plantel-confirmado-y-fixture-listo-para-el-super-rugby-americas-2026","status":"publish","type":"post","link":"https:\/\/economiapoliticacba.com\/?p=46291","title":{"rendered":"Dogos XV: plantel confirmado y fixture listo para el S\u00faper Rugby Americas 2026"},"content":{"rendered":"<p><img src=\"http:\/\/economiapoliticacba.com\/wp-content\/uploads\/2025\/12\/dogos-xv-plantel-confirmado-y-fixture-listo-para-el-super-rugby-americas-2026.jpg\"><\/p>\n<p><strong>Dogos XV<\/strong> le puso fin al misterio y present\u00f3 oficialmente la n\u00f3mina de jugadores que defender\u00e1n la camiseta roja en el <strong>S\u00faper Rugby Americas (SRA) 2026<\/strong>.<\/p>\n<p>La franquicia cordobesa apost\u00f3 por un plantel largo de <strong>46 nombres<\/strong> (divididos en forwards y backs) para afrontar el torneo competitivo. El objetivo es volver a ser protagonistas y pelear por la corona continental.<\/p>\n<p>El calendario ya tiene fechas y rivales. El torneo arrancar\u00e1 el <strong>20 de febrero<\/strong> y la franquicia debutar\u00e1 en condici\u00f3n de <strong>local ante Cobras<\/strong>. La fase regular constar\u00e1 de 14 fechas, cerrando con las semifinales el 12 de junio y la gran final el 19 de ese mes.<\/p>\n<figure class=\"multimedia\" data-tadevel-template=\"web\/multimedia\" data-type=\"photo\">\n<div class=\"content\">\n<div class=\"sizer\" data-sizer=\"aspect-ratio\" data-tadevel-template=\"web\/aspect-ratio\"><img alt=\"Dogos XV: plantel confirmado y fixture listo para el S\u00faper Rugby Americas 2026\" loading=\"lazy\"><\/div>\n<\/div>\n<\/figure>\n<p>Un dato clave para agendar: el cl\u00e1sico ante <strong>Pampas<\/strong> ser\u00e1 temprano, en la segunda fecha (visitante), y la revancha en C\u00f3rdoba llegar\u00e1 en la novena jornada.<\/p>\n<h4><strong>El Fixture completo<\/strong><\/h4>\n<p><strong>Primera Rueda<\/strong><\/p>\n<ul>\n<li>Fecha 1 (20\/2): vs. Cobras (L)<\/li>\n<li>Fecha 2 (28\/2): vs. Pampas (V)<\/li>\n<li>Fecha 3 (06\/3): vs. Tarucas (V)<\/li>\n<li>Fecha 4 (14\/3): vs. Selknam (L)<\/li>\n<li>Fecha 5 (20\/3): vs. Pe\u00f1arol (L)<\/li>\n<li>Fecha 6 (30\/3): vs. Capibaras (L)<\/li>\n<li>Fecha 7 (11\/4): vs. Yacare XV (V)<\/li>\n<\/ul>\n<p><strong>Segunda Rueda<\/strong><\/p>\n<ul>\n<li>Fecha 8 (19\/4): vs. Cobras (V)<\/li>\n<li>Fecha 9 (24\/4): vs. Pampas (L)<\/li>\n<li>Fecha 10 (02\/5): vs. Tarucas (L)<\/li>\n<li>Fecha 11 (09\/5): vs. Selknam (V)<\/li>\n<li>Fecha 12 (22\/5): vs. Pe\u00f1arol (V)<\/li>\n<li>Fecha 13 (29\/5): vs. Capibaras (V)<\/li>\n<li>Fecha 14 (05\/6): vs. Yacare XV (L)<\/li>\n<\/ul>\n<h4><strong>El Plantel 2026<\/strong><\/h4>\n<p><strong>Forwards:<\/strong> Nicol\u00e1s Revol Pitt, Ezequiel Bustos, Ramiro Iglesias, Baltazar Monforte, Leonel Oviedo, Juan Greising Revol, Valentino Avaca, Nicanor Rins, Octavio Filippa, Galo Fern\u00e1ndez, Luca Dugo, Francisco Aguirre, Lautaro Simes, Valent\u00edn Goz\u00e1lvez, Federico Albrisi, Enzo Ocampo, Abraham El\u00edas, Benjam\u00edn V\u00e1zquez, Augusto Cugnini, Valent\u00edn Cabral, Lucio Willington, Aitor Bildosola, Tom\u00e1s G\u00f3mez Gonz\u00e1lez, Genaro Fissore, Federico Rolotti y Gast\u00f3n Garayzabal.<\/p>\n<p><strong>Backs:<\/strong> Nicol\u00e1s Viola, Genaro Podest\u00e1, Fabricio Griffo, Constantino Keller, Juli\u00e1n Hern\u00e1ndez, Facundo Rodr\u00edguez, Manuel Giannantonio, Agust\u00edn De Vertiz, Faustino S. Valarolo, Mauricio Kember, Tom\u00e1s Canedo, Ernesto Gi\u00fadice, Agust\u00edn Segura, Leonardo Gea Salim, Facundo Pueyrred\u00f3n, Bautista Fern\u00e1ndez Pugliese, Mateo S\u00e1nchez, Manuel Carrara, Luciano Avaca y Mateo Soler.<\/p>\n<figure class=\"multimedia\" data-html data-tadevel-template=\"web\/multimedia\" data-type=\"rich\" data-url=\"https:\/\/www.instagram.com\/dogosxv.cba\/p\/DSpwUPdjhXU\/\"><figcaption class=\"caption\">\n<div class=\"description\">DOGOS XV on Instagram: &#8220;Plantel DOGOS XV 2026 \ud83d\ude80 #SomosDogosxv&#8221;<\/div>\n<\/figcaption><\/figure>\n","protected":false},"excerpt":{"rendered":"<p>Dogos XV le puso fin al misterio y present\u00f3 oficialmente la n\u00f3mina de jugadores que defender\u00e1n la camiseta roja en el S\u00faper Rugby Americas (SRA) 2026. La franquicia cordobesa apost\u00f3 por un plantel largo de 46 nombres (divididos en forwards y backs) para afrontar el torneo competitivo. El objetivo es volver a ser protagonistas y [&hellip;]<\/p>\n","protected":false},"author":1,"featured_media":46292,"comment_status":"closed","ping_status":"closed","sticky":false,"template":"","format":"standard","meta":{"om_disable_all_campaigns":false,"_monsterinsights_skip_tracking":false,"_monsterinsights_sitenote_active":false,"_monsterinsights_sitenote_note":"","_monsterinsights_sitenote_category":0},"categories":[18],"tags":[],"aioseo_notices":[],"_links":{"self":[{"href":"https:\/\/economiapoliticacba.com\/index.php?rest_route=\/wp\/v2\/posts\/46291"}],"collection":[{"href":"https:\/\/economiapoliticacba.com\/index.php?rest_route=\/wp\/v2\/posts"}],"about":[{"href":"https:\/\/economiapoliticacba.com\/index.php?rest_route=\/wp\/v2\/types\/post"}],"author":[{"embeddable":true,"href":"https:\/\/economiapoliticacba.com\/index.php?rest_route=\/wp\/v2\/users\/1"}],"replies":[{"embeddable":true,"href":"https:\/\/economiapoliticacba.com\/index.php?rest_route=%2Fwp%2Fv2%2Fcomments&post=46291"}],"version-history":[{"count":0,"href":"https:\/\/economiapoliticacba.com\/index.php?rest_route=\/wp\/v2\/posts\/46291\/revisions"}],"wp:featuredmedia":[{"embeddable":true,"href":"https:\/\/economiapoliticacba.com\/index.php?rest_route=\/wp\/v2\/media\/46292"}],"wp:attachment":[{"href":"https:\/\/economiapoliticacba.com\/index.php?rest_route=%2Fwp%2Fv2%2Fmedia&parent=46291"}],"wp:term":[{"taxonomy":"category","embeddable":true,"href":"https:\/\/economiapoliticacba.com\/index.php?rest_route=%2Fwp%2Fv2%2Fcategories&post=46291"},{"taxonomy":"post_tag","embeddable":true,"href":"https:\/\/economiapoliticacba.com\/index.php?rest_route=%2Fwp%2Fv2%2Ftags&post=46291"}],"curies":[{"name":"wp","href":"https:\/\/api.w.org\/{rel}","templated":true}]}}