{"id":46289,"date":"2025-12-24T17:39:00","date_gmt":"2025-12-24T17:39:00","guid":{"rendered":"http:\/\/694c247b21287746612d7587"},"modified":"2025-12-24T17:39:00","modified_gmt":"2025-12-24T17:39:00","slug":"estudiantes-de-rio-cuarto-blindo-a-sus-figuras-y-el-capitan-va-por-un-record-historico","status":"publish","type":"post","link":"https:\/\/economiapoliticacba.com\/?p=46289","title":{"rendered":"Estudiantes de R\u00edo Cuarto blind\u00f3 a sus figuras y el capit\u00e1n va por un r\u00e9cord hist\u00f3rico"},"content":{"rendered":"<p><img src=\"http:\/\/economiapoliticacba.com\/wp-content\/uploads\/2025\/12\/estudiantes-de-rio-cuarto-blindo-a-sus-figuras-y-el-capitan-va-por-un-record-historico.jpg\"><\/p>\n<p>Con la mira puesta en la <strong>Liga Profesional 2026<\/strong>, la dirigencia de Estudiantes de R\u00edo Cuarto puso manos a la obra con una premisa clara: mantener la base que hizo historia.<\/p>\n<p>Aunque todav\u00eda no llegaron caras nuevas, el club se asegur\u00f3 los cimientos. El primero en dar el s\u00ed fue el arquitecto del equipo: <strong>Iv\u00e1n Delfino<\/strong> renov\u00f3 su v\u00ednculo por una temporada m\u00e1s para dirigir en la elite. Junto a \u00e9l, estamparon la firma figuras claves como el goleador <strong>Lucas Gonz\u00e1lez<\/strong> y, este martes, se sum\u00f3 <strong>Javier &#8220;Chuky&#8221; Ferreira<\/strong>.<\/p>\n<figure class=\"multimedia\" data-tadevel-template=\"web\/multimedia\" data-type=\"photo\">\n<div class=\"content\">\n<div class=\"sizer\" data-sizer=\"aspect-ratio\" data-tadevel-template=\"web\/aspect-ratio\"><img alt=\"Javier \u201cChucky\u201d Ferreyra.\" loading=\"lazy\"><\/div>\n<\/div><figcaption class=\"caption\">\n<div class=\"description\">Javier \u201cChucky\u201d Ferreyra.<\/div>\n<div class=\"attribution\">Foto: Estudiantes de R\u00edo Cuarto.<\/div>\n<\/figcaption><\/figure>\n<p>La renovaci\u00f3n m\u00e1s emotiva es la de <strong>Gonzalo Maffini<\/strong>. El zaguero y referente no solo seguir\u00e1 defendiendo los colores celestes, sino que escribir\u00e1 una p\u00e1gina dorada en el f\u00fatbol nacional: se convertir\u00e1 en el primer jugador del club en disputar <strong>todas las categor\u00edas<\/strong> (Federal B, Federal A, Primera Nacional y Primera Divisi\u00f3n) con la misma camiseta.<\/p>\n<figure class=\"multimedia\" data-tadevel-template=\"web\/multimedia\" data-type=\"photo\">\n<div class=\"content\">\n<div class=\"sizer\" data-sizer=\"aspect-ratio\" data-tadevel-template=\"web\/aspect-ratio\"><img alt=\"Gonzalo Maffini con el trofeo del reducido de la Primera Nacional.\" loading=\"lazy\"><\/div>\n<\/div><figcaption class=\"caption\">\n<div class=\"description\">Gonzalo Maffini con el trofeo del reducido de la Primera Nacional.<\/div>\n<div class=\"attribution\">Foto: Estudiantes de R\u00edo Cuarto.<\/div>\n<\/figcaption><\/figure>\n<h4><strong>Las bajas: un arquero a Nueva Italia y el adi\u00f3s de Fontana<\/strong>&nbsp;<\/h4>\n<p>No todas son continuidades. En la reestructuraci\u00f3n del plantel, el club comunic\u00f3 salidas de peso:<\/p>\n<ul>\n<li>Brian Olivera: el arquero deja R\u00edo Cuarto y se muda a la capital para atajar en Racing de Nueva Italia.<\/li>\n<li>Agust\u00edn Fontana: el ex River, que marc\u00f3 3 goles en la temporada, qued\u00f3 libre tras finalizar su contrato.<\/li>\n<li>Fabio V\u00e1zquez: el mediocampista tampoco ser\u00e1 tenido en cuenta para el proyecto 2026.<\/li>\n<\/ul>\n<figure class=\"multimedia\" data-html data-tadevel-template=\"web\/multimedia\" data-type=\"rich\" data-url=\"https:\/\/twitter.com\/EstudiantesRio4\/status\/2003579848720261172\"><figcaption class=\"caption\">\n<div class=\"description\">X de A. A. Estudiantes de R\u00edo Cuarto<\/div>\n<\/figcaption><\/figure>\n","protected":false},"excerpt":{"rendered":"<p>Con la mira puesta en la Liga Profesional 2026, la dirigencia de Estudiantes de R\u00edo Cuarto puso manos a la obra con una premisa clara: mantener la base que hizo historia. Aunque todav\u00eda no llegaron caras nuevas, el club se asegur\u00f3 los cimientos. El primero en dar el s\u00ed fue el arquitecto del equipo: Iv\u00e1n [&hellip;]<\/p>\n","protected":false},"author":1,"featured_media":46290,"comment_status":"closed","ping_status":"closed","sticky":false,"template":"","format":"standard","meta":{"om_disable_all_campaigns":false,"_monsterinsights_skip_tracking":false,"_monsterinsights_sitenote_active":false,"_monsterinsights_sitenote_note":"","_monsterinsights_sitenote_category":0},"categories":[18],"tags":[],"aioseo_notices":[],"_links":{"self":[{"href":"https:\/\/economiapoliticacba.com\/index.php?rest_route=\/wp\/v2\/posts\/46289"}],"collection":[{"href":"https:\/\/economiapoliticacba.com\/index.php?rest_route=\/wp\/v2\/posts"}],"about":[{"href":"https:\/\/economiapoliticacba.com\/index.php?rest_route=\/wp\/v2\/types\/post"}],"author":[{"embeddable":true,"href":"https:\/\/economiapoliticacba.com\/index.php?rest_route=\/wp\/v2\/users\/1"}],"replies":[{"embeddable":true,"href":"https:\/\/economiapoliticacba.com\/index.php?rest_route=%2Fwp%2Fv2%2Fcomments&post=46289"}],"version-history":[{"count":0,"href":"https:\/\/economiapoliticacba.com\/index.php?rest_route=\/wp\/v2\/posts\/46289\/revisions"}],"wp:featuredmedia":[{"embeddable":true,"href":"https:\/\/economiapoliticacba.com\/index.php?rest_route=\/wp\/v2\/media\/46290"}],"wp:attachment":[{"href":"https:\/\/economiapoliticacba.com\/index.php?rest_route=%2Fwp%2Fv2%2Fmedia&parent=46289"}],"wp:term":[{"taxonomy":"category","embeddable":true,"href":"https:\/\/economiapoliticacba.com\/index.php?rest_route=%2Fwp%2Fv2%2Fcategories&post=46289"},{"taxonomy":"post_tag","embeddable":true,"href":"https:\/\/economiapoliticacba.com\/index.php?rest_route=%2Fwp%2Fv2%2Ftags&post=46289"}],"curies":[{"name":"wp","href":"https:\/\/api.w.org\/{rel}","templated":true}]}}