{"id":46254,"date":"2025-12-23T21:20:07","date_gmt":"2025-12-23T21:20:07","guid":{"rendered":"http:\/\/694b03e32128774661265d2a"},"modified":"2025-12-23T21:20:07","modified_gmt":"2025-12-23T21:20:07","slug":"uepc-habra-adicional-extraordinario-para-los-docentes-activos","status":"publish","type":"post","link":"https:\/\/economiapoliticacba.com\/?p=46254","title":{"rendered":"UEPC: habr\u00e1 adicional extraordinario para los docentes activos"},"content":{"rendered":"<p><img src=\"http:\/\/economiapoliticacba.com\/wp-content\/uploads\/2025\/12\/uepc-habra-adicional-extraordinario-para-los-docentes-activos.jpg\"><\/p>\n<p>La <strong>Uni\u00f3n de Educadores de la Provincia de C\u00f3rdoba<\/strong> (UEPC) anunci\u00f3 este martes la confirmaci\u00f3n del pago de un &#8220;adicional extraordinario&#8221; para todos los docentes en actividad.<\/p>\n<p>&#8220;Luego de que en los primeros d\u00edas de diciembre, junto con los gremios estatales, reclamamos al Gobierno de C\u00f3rdoba el pago de un adicional extraordinario de fin de a\u00f1o para las y los trabajadores en actividad, el Ejecutivo inform\u00f3 este martes que conjuntamente con los haberes del mes de diciembre abonar\u00e1 un adicional extraordinario no remunerativo por \u00fanica vez a las y los activos cuyos haberes de diciembre sean inferiores a los $2.800.000&#8221;, comunicaron desde el gremio de los docentes.<\/p>\n<p>Para las y los docentes en actividad el monto del adicional extraordinario ser\u00e1 de $100.000 por cargo, $5.000 por hora c\u00e1tedra y quinta hora, y $10.000 por m\u00f3dulo de jornada extendida, con tope por agente de $100.000.<\/p>\n<h4>Ajuste previsional<\/h4>\n<p>El pr\u00f3ximo lunes 29 de diciembre est\u00e1 convocada una protesta y marcha hacia la Legislatura en repudio a la reforma previsional impulsada por el gobernador Mart\u00edn Llaryora, que ya tiene su primer amparo presentado en el \u00e1mbito judicial.<\/p>\n<figure class=\"multimedia\" data-tadevel-template=\"web\/multimedia\" data-type=\"photo\">\n<div class=\"content\">\n<div class=\"sizer\" data-sizer=\"aspect-ratio\" data-tadevel-template=\"web\/aspect-ratio\"><img alt=\"Imagen: gentileza.\" loading=\"lazy\"><\/div>\n<\/div><figcaption class=\"caption\">\n<div class=\"description\">Imagen: gentileza.<\/div>\n<\/figcaption><\/figure>\n<figure class=\"multimedia\" data-html data-tadevel-template=\"web\/multimedia\" data-type=\"rich\" data-url=\"https:\/\/www.cba24n.com.ar\/cordoba\/protesta-contra-el-ajuste-de-llaryora--critican-la-debilidad-para-reclamar-ante-nacion-y-ya-hay-un-amparo_a694af65a212877466125b264\"><\/figure>\n","protected":false},"excerpt":{"rendered":"<p>La Uni\u00f3n de Educadores de la Provincia de C\u00f3rdoba (UEPC) anunci\u00f3 este martes la confirmaci\u00f3n del pago de un &#8220;adicional extraordinario&#8221; para todos los docentes en actividad. &#8220;Luego de que en los primeros d\u00edas de diciembre, junto con los gremios estatales, reclamamos al Gobierno de C\u00f3rdoba el pago de un adicional extraordinario de fin de [&hellip;]<\/p>\n","protected":false},"author":1,"featured_media":46255,"comment_status":"closed","ping_status":"closed","sticky":false,"template":"","format":"standard","meta":{"om_disable_all_campaigns":false,"_monsterinsights_skip_tracking":false,"_monsterinsights_sitenote_active":false,"_monsterinsights_sitenote_note":"","_monsterinsights_sitenote_category":0},"categories":[18],"tags":[],"aioseo_notices":[],"_links":{"self":[{"href":"https:\/\/economiapoliticacba.com\/index.php?rest_route=\/wp\/v2\/posts\/46254"}],"collection":[{"href":"https:\/\/economiapoliticacba.com\/index.php?rest_route=\/wp\/v2\/posts"}],"about":[{"href":"https:\/\/economiapoliticacba.com\/index.php?rest_route=\/wp\/v2\/types\/post"}],"author":[{"embeddable":true,"href":"https:\/\/economiapoliticacba.com\/index.php?rest_route=\/wp\/v2\/users\/1"}],"replies":[{"embeddable":true,"href":"https:\/\/economiapoliticacba.com\/index.php?rest_route=%2Fwp%2Fv2%2Fcomments&post=46254"}],"version-history":[{"count":0,"href":"https:\/\/economiapoliticacba.com\/index.php?rest_route=\/wp\/v2\/posts\/46254\/revisions"}],"wp:featuredmedia":[{"embeddable":true,"href":"https:\/\/economiapoliticacba.com\/index.php?rest_route=\/wp\/v2\/media\/46255"}],"wp:attachment":[{"href":"https:\/\/economiapoliticacba.com\/index.php?rest_route=%2Fwp%2Fv2%2Fmedia&parent=46254"}],"wp:term":[{"taxonomy":"category","embeddable":true,"href":"https:\/\/economiapoliticacba.com\/index.php?rest_route=%2Fwp%2Fv2%2Fcategories&post=46254"},{"taxonomy":"post_tag","embeddable":true,"href":"https:\/\/economiapoliticacba.com\/index.php?rest_route=%2Fwp%2Fv2%2Ftags&post=46254"}],"curies":[{"name":"wp","href":"https:\/\/api.w.org\/{rel}","templated":true}]}}