{"id":46219,"date":"2025-12-22T15:54:00","date_gmt":"2025-12-22T15:54:00","guid":{"rendered":"http:\/\/6949668821287746611a73d3"},"modified":"2025-12-22T15:54:00","modified_gmt":"2025-12-22T15:54:00","slug":"puertas-cerradas-los-gremios-no-fueron-recibidos-y-denunciaron-un-ajuste-a-espaldas","status":"publish","type":"post","link":"https:\/\/economiapoliticacba.com\/?p=46219","title":{"rendered":"Puertas cerradas: los gremios no fueron recibidos y denunciaron un \u201cajuste a espaldas\u201d"},"content":{"rendered":"<p><img src=\"http:\/\/economiapoliticacba.com\/wp-content\/uploads\/2025\/12\/puertas-cerradas-los-gremios-no-fueron-recibidos-y-denunciaron-un-ajuste-a-espaldas.jpg\"><\/p>\n<p>Antes de que el gobernador <strong>Mart\u00edn Llaryora<\/strong> oficialice los detalles de la reforma, los gremios estatales decidieron convocar a una conferencia de prensa frente al Panal.<\/p>\n<p>Los <strong>gremios estatales<\/strong> confirmaron que <strong>no fueron recibidos por ninguna autoridad<\/strong> del Gobierno provincial, cerrando la jornada sin el di\u00e1logo que fueron a buscar. Adem\u00e1s, denunciaron la <strong>falta total de participaci\u00f3n<\/strong> en la discusi\u00f3n de los cambios al r\u00e9gimen previsional.<\/p>\n<figure data-url=\"https:\/\/www.youtube.com\/watch?v=jxKq6pKMKwM\" class=\"multimedia\" data-html data-tadevel-template=\"web\/multimedia\" data-type=\"video\">\n<div class=\"content\">\n<div class=\"sizer\" data-sizer=\"aspect-ratio\" data-tadevel-template=\"web\/aspect-ratio\">\n<div class=\"backdrop\" data-tadevel-template=\"web\/backdrop\">\n<div class=\"facade\" data-facade-target data-tadevel-template=\"web\/multimedia-facade\"><button aria-label=\"Reproducir video\" class=\"run\"><\/button> [embedded content]<\/div>\n<\/div>\n<\/div>\n<\/div><figcaption class=\"caption\">\n<div class=\"description\">Puertas cerradas en el panal: gremios estatales no fueron recibidos por las autoridades provinciales<\/div>\n<\/figcaption><\/figure>\n<p>La <strong>bronca sindical estalla por la letra chica de la ley<\/strong> que se viene: descuentos adicionales que, en los sueldos m\u00e1s altos, llegar\u00edan hasta 8 puntos extra, sumado a un incremento en la retenci\u00f3n para la obra social Apross.<\/p>\n<p>Seg\u00fan advierten los gremios, entre los descuentos de ley, la Caja, el Apross y este nuevo &#8220;aporte&#8221;, las retenciones podr\u00edan superar el 30% del salario bruto (sin contar Ganancias).<\/p>\n<h3>Negaron el acceso a prensa<\/h3>\n<p>Desde las centrales gremiales denunciaron que el personal de seguridad mont\u00f3 un <strong>fuerte vallado<\/strong> en los alrededores de la Casa de Gobierno, lo que impidi\u00f3 el acceso de los m\u00f3viles y bloque\u00f3 la cobertura period\u00edstica tradicional.<\/p>\n<figure class=\"multimedia\" data-tadevel-template=\"web\/multimedia\" data-type=\"photo\">\n<div class=\"content\">\n<div class=\"sizer\" data-sizer=\"aspect-ratio\" data-tadevel-template=\"web\/aspect-ratio\"><img alt=\"Puertas cerradas: los gremios no fueron recibidos y denunciaron un \u201cajuste a espaldas\u201d\" loading=\"lazy\"><\/div>\n<\/div><figcaption class=\"caption\">\n<div class=\"attribution\">Foto: UEPC.<\/div>\n<\/figcaption><\/figure>\n<p>Ante la imposibilidad de que ingresaran camar\u00f3grafos y cronistas, se dio una situaci\u00f3n ins\u00f3lita: fueron los propios <strong>secretarios generales<\/strong> quienes debieron salir y caminar hasta donde estaba la prensa para poder dar las notas.<\/p>\n<figure class=\"multimedia\" data-tadevel-template=\"web\/multimedia\" data-type=\"photo\">\n<div class=\"content\">\n<div class=\"sizer\" data-sizer=\"aspect-ratio\" data-tadevel-template=\"web\/aspect-ratio\"><img alt=\"Puertas cerradas: los gremios no fueron recibidos y denunciaron un \u201cajuste a espaldas\u201d\" loading=\"lazy\"><\/div>\n<\/div><figcaption class=\"caption\">\n<div class=\"attribution\">Foto: UEPC.<\/div>\n<\/figcaption><\/figure>\n","protected":false},"excerpt":{"rendered":"<p>Antes de que el gobernador Mart\u00edn Llaryora oficialice los detalles de la reforma, los gremios estatales decidieron convocar a una conferencia de prensa frente al Panal. Los gremios estatales confirmaron que no fueron recibidos por ninguna autoridad del Gobierno provincial, cerrando la jornada sin el di\u00e1logo que fueron a buscar. Adem\u00e1s, denunciaron la falta total [&hellip;]<\/p>\n","protected":false},"author":1,"featured_media":46220,"comment_status":"closed","ping_status":"closed","sticky":false,"template":"","format":"standard","meta":{"om_disable_all_campaigns":false,"_monsterinsights_skip_tracking":false,"_monsterinsights_sitenote_active":false,"_monsterinsights_sitenote_note":"","_monsterinsights_sitenote_category":0},"categories":[18],"tags":[],"aioseo_notices":[],"_links":{"self":[{"href":"https:\/\/economiapoliticacba.com\/index.php?rest_route=\/wp\/v2\/posts\/46219"}],"collection":[{"href":"https:\/\/economiapoliticacba.com\/index.php?rest_route=\/wp\/v2\/posts"}],"about":[{"href":"https:\/\/economiapoliticacba.com\/index.php?rest_route=\/wp\/v2\/types\/post"}],"author":[{"embeddable":true,"href":"https:\/\/economiapoliticacba.com\/index.php?rest_route=\/wp\/v2\/users\/1"}],"replies":[{"embeddable":true,"href":"https:\/\/economiapoliticacba.com\/index.php?rest_route=%2Fwp%2Fv2%2Fcomments&post=46219"}],"version-history":[{"count":0,"href":"https:\/\/economiapoliticacba.com\/index.php?rest_route=\/wp\/v2\/posts\/46219\/revisions"}],"wp:featuredmedia":[{"embeddable":true,"href":"https:\/\/economiapoliticacba.com\/index.php?rest_route=\/wp\/v2\/media\/46220"}],"wp:attachment":[{"href":"https:\/\/economiapoliticacba.com\/index.php?rest_route=%2Fwp%2Fv2%2Fmedia&parent=46219"}],"wp:term":[{"taxonomy":"category","embeddable":true,"href":"https:\/\/economiapoliticacba.com\/index.php?rest_route=%2Fwp%2Fv2%2Fcategories&post=46219"},{"taxonomy":"post_tag","embeddable":true,"href":"https:\/\/economiapoliticacba.com\/index.php?rest_route=%2Fwp%2Fv2%2Ftags&post=46219"}],"curies":[{"name":"wp","href":"https:\/\/api.w.org\/{rel}","templated":true}]}}