{"id":46181,"date":"2025-12-21T20:12:00","date_gmt":"2025-12-21T20:12:00","guid":{"rendered":"http:\/\/694852f921287746610fd401"},"modified":"2025-12-21T20:12:00","modified_gmt":"2025-12-21T20:12:00","slug":"tragedia-en-catamarca-murio-el-exintendente-de-londres","status":"publish","type":"post","link":"https:\/\/economiapoliticacba.com\/?p=46181","title":{"rendered":"Tragedia en Catamarca: muri\u00f3 el exintendente de Londres"},"content":{"rendered":"<p><img src=\"http:\/\/economiapoliticacba.com\/wp-content\/uploads\/2025\/12\/tragedia-en-catamarca-murio-el-exintendente-de-londres.jpg\"><\/p>\n<p>La provincia de Catamarca se vio sacudida este domingo con la noticia de la muerte del ex intendente de la localidad de Londres, Gilberto Orlando Santill\u00e1n, quien choc\u00f3 con su camioneta en la Ruta Nacional 40. Tras conocerse su fallecimiento, dirigentes de la pol\u00edtica local se expresaron en sus redes sociales y lo despidieron.<\/p>\n<p>Seg\u00fan public\u00f3<strong> Infobae<\/strong>, el hecho ocurri\u00f3 cerca de las 4:45 de la ma\u00f1ana a la altura del kil\u00f3metro 4.082, cuando, por motivos que a\u00fan se investigan, Santill\u00e1n perdi\u00f3 el control de su camioneta Toyota Hilux de color gris y se estrell\u00f3 contra un \u00e1rbol. Luego del impacto, las autoridades llegaron al lugar y lograron trasladarlo al Hospital \u201cDr. Segundo Enrique Mu\u00f1iz\u201d, pero a pesar de los esfuerzos de los m\u00e9dicos, finalmente falleci\u00f3 producto de las heridas.<\/p>\n<figure class=\"multimedia\" data-tadevel-template=\"web\/multimedia\" data-type=\"photo\">\n<div class=\"content\">\n<div class=\"sizer\" data-sizer=\"aspect-ratio\" data-tadevel-template=\"web\/aspect-ratio\"><img alt=\"Tragedia en Catamarca: muri\u00f3 el exintendente de Londres\" loading=\"lazy\"><\/div>\n<\/div><figcaption class=\"caption\">\n<div class=\"attribution\">Foto: Comisar\u00eda de Londres (Catamarca)<\/div>\n<\/figcaption><\/figure>\n<p>En cuanto a las actuaciones judiciales, la investigaci\u00f3n qued\u00f3 bajo la \u00f3rbita de la Fiscal\u00eda de la Tercera Circunscripci\u00f3n Judicial. Las fiscales intervinientes, Dra. Reartes y Dra. Flores, instruyeron la realizaci\u00f3n de peritajes accidentol\u00f3gicos y la recopilaci\u00f3n de testimonios clave para reconstruir la mec\u00e1nica del siniestro. Ahora, bucar\u00e1n determinar si existieron factores externos, el estado del asfalto o alguna descompensaci\u00f3n previa que haya podido influir en el desenlace.<\/p>\n<h3><strong>Un dirigente hist\u00f3rico en Catamarca<\/strong><\/h3>\n<p>La figura de Gilberto Orlando Santill\u00e1n ocupa un lugar destacado en la historia pol\u00edtica local de este pueblo tur\u00edstico, que tiene la particularidad de que fue fundado en 1558 y tiene el r\u00e9cord de ser la segunda ciudad m\u00e1s antigua del pa\u00eds, detr\u00e1s de Santiago del Estero. En ese sentido, logr\u00f3 ser intendente de Londres durante cinco mandatos, acumulando un total de veinte a\u00f1os al frente de la comuna.<\/p>\n<p>Adem\u00e1s, ocup\u00f3 la presidencia del Partido Justicialista en el departamento Bel\u00e9n y mantuvo un alto perfil como dirigente del oeste catamarque\u00f1o. Su administraci\u00f3n se caracteriz\u00f3 por la continuidad en la gesti\u00f3n y el impulso de proyectos p\u00fablicos orientados al desarrollo de la regi\u00f3n.<\/p>\n<h3><strong>Consternaci\u00f3n y la despedida del arco pol\u00ectico<\/strong><\/h3>\n<p>El anuncio de su muerte gener\u00f3 una profunda conmoci\u00f3n en toda la comunidad catamarque\u00f1a, en especial en el seno del Partido Justicialista local, con referentes que lo despidieron en sus redes sociales.<\/p>\n<figure class=\"multimedia\" data-tadevel-template=\"web\/multimedia\" data-type=\"photo\">\n<div class=\"content\">\n<div class=\"sizer\" data-sizer=\"aspect-ratio\" data-tadevel-template=\"web\/aspect-ratio\"><img alt=\"Tragedia en Catamarca: muri\u00f3 el exintendente de Londres\" loading=\"lazy\"><\/div>\n<\/div><figcaption class=\"caption\">\n<div class=\"attribution\">Foto: catamarcactual.com.ar<\/div>\n<\/figcaption><\/figure>\n<p>Por un lado, el gobernador Ra\u00fal Jalil escribi\u00f3: \u201cFue un dirigente comprometido, que defendi\u00f3 los valores del justicialismo a lo largo de toda su vida, y un m\u00e9dico que dej\u00f3 una huella profunda de servicio y vocaci\u00f3n en su querida ciudad. En este momento tan dif\u00edcil, quiero hacer llegar mi acompa\u00f1amiento y mis condolencias a su familia, a sus seres queridos y a toda la comunidad de Londres, que hoy despide a un hombre \u00edntegro y profundamente comprometido con su gente\u201d.<\/p>\n<p>En tanto, la senadora Lucia Corpacci, otra de las referentes del peronismo, comparti\u00f3: \u201cA\u00fan sin poder creer esta dura realidad, querido amigo, pido a Dios que tu familia pueda encontrar consuelo. Hoy parte una persona noble, profundamente humana, que supo hacer de la pol\u00edtica una noble causa, siempre al servicio del otro. Su serenidad y calidez lo pusieron siempre en el lugar de sabio consejero. Vecino querido y m\u00e9dico valorado, vamos a extra\u00f1arte. Descansa en paz. Mucha fuerza a sus hijos y a su se\u00f1ora en estos momentos de tanto dolor\u201d.<\/p>\n<p>Asimismo, el PJ local lo record\u00f3 como un \u201cmilitante leal, dirigente comprometido y hombre de convicciones firmes\u201d y agreg\u00f3: \u201cEjerci\u00f3 sus responsabilidades siempre con humildad, compromiso y un profundo amor por su pueblo y por el movimiento nacional y popular\u201d.<\/p>\n<p>\u201cSu compromiso con el peronismo fue cotidiano, silencioso y profundamente humano, siempre al servicio de los dem\u00e1s y de una pol\u00edtica entendida como herramienta de transformaci\u00f3n y justicia social. Hasta siempre, compa\u00f1ero Gilberto\u201d, complet\u00f3 el escrito.<\/p>\n<p>Los restos de Santill\u00e1n comenzaron a ser velados desde la ma\u00f1ana del domingo de forma privada en una sala funeraria local, y este lunes el f\u00e9retro ser\u00eda trasladado a la sede municipal para que la ciudadan\u00eda de Londres y personal municipal tengan posibilidad de rendirle homenaje.<\/p>\n<p>Las honras ser\u00e1n acompa\u00f1adas por autoridades, referentes gremiales y vecinos. Desde el municipio se invit\u00f3 a toda la comunidad a participar del homenaje colectivo a quien condujo los destinos de la ciudad durante dos d\u00e9cadas.<\/p>\n","protected":false},"excerpt":{"rendered":"<p>La provincia de Catamarca se vio sacudida este domingo con la noticia de la muerte del ex intendente de la localidad de Londres, Gilberto Orlando Santill\u00e1n, quien choc\u00f3 con su camioneta en la Ruta Nacional 40. Tras conocerse su fallecimiento, dirigentes de la pol\u00edtica local se expresaron en sus redes sociales y lo despidieron. Seg\u00fan [&hellip;]<\/p>\n","protected":false},"author":1,"featured_media":46182,"comment_status":"closed","ping_status":"closed","sticky":false,"template":"","format":"standard","meta":{"om_disable_all_campaigns":false,"_monsterinsights_skip_tracking":false,"_monsterinsights_sitenote_active":false,"_monsterinsights_sitenote_note":"","_monsterinsights_sitenote_category":0},"categories":[18],"tags":[],"aioseo_notices":[],"_links":{"self":[{"href":"https:\/\/economiapoliticacba.com\/index.php?rest_route=\/wp\/v2\/posts\/46181"}],"collection":[{"href":"https:\/\/economiapoliticacba.com\/index.php?rest_route=\/wp\/v2\/posts"}],"about":[{"href":"https:\/\/economiapoliticacba.com\/index.php?rest_route=\/wp\/v2\/types\/post"}],"author":[{"embeddable":true,"href":"https:\/\/economiapoliticacba.com\/index.php?rest_route=\/wp\/v2\/users\/1"}],"replies":[{"embeddable":true,"href":"https:\/\/economiapoliticacba.com\/index.php?rest_route=%2Fwp%2Fv2%2Fcomments&post=46181"}],"version-history":[{"count":0,"href":"https:\/\/economiapoliticacba.com\/index.php?rest_route=\/wp\/v2\/posts\/46181\/revisions"}],"wp:featuredmedia":[{"embeddable":true,"href":"https:\/\/economiapoliticacba.com\/index.php?rest_route=\/wp\/v2\/media\/46182"}],"wp:attachment":[{"href":"https:\/\/economiapoliticacba.com\/index.php?rest_route=%2Fwp%2Fv2%2Fmedia&parent=46181"}],"wp:term":[{"taxonomy":"category","embeddable":true,"href":"https:\/\/economiapoliticacba.com\/index.php?rest_route=%2Fwp%2Fv2%2Fcategories&post=46181"},{"taxonomy":"post_tag","embeddable":true,"href":"https:\/\/economiapoliticacba.com\/index.php?rest_route=%2Fwp%2Fv2%2Ftags&post=46181"}],"curies":[{"name":"wp","href":"https:\/\/api.w.org\/{rel}","templated":true}]}}