{"id":46177,"date":"2025-12-21T23:20:00","date_gmt":"2025-12-21T23:20:00","guid":{"rendered":"http:\/\/694882ed212877466113052d"},"modified":"2025-12-21T23:20:00","modified_gmt":"2025-12-21T23:20:00","slug":"mesa-adentro-o-mesa-afuera-que-dice-el-pronostico-extendido-para-cordoba","status":"publish","type":"post","link":"https:\/\/economiapoliticacba.com\/?p=46177","title":{"rendered":"Mesa adentro o mesa afuera: qu\u00e9 dice el pron\u00f3stico extendido para C\u00f3rdoba"},"content":{"rendered":"<p><img src=\"http:\/\/economiapoliticacba.com\/wp-content\/uploads\/2025\/12\/mesa-adentro-o-mesa-afuera-que-dice-el-pronostico-extendido-para-cordoba.jpg\"><\/p>\n<p>La primera semana del verano 2025\/2026 llega con bastante agua, con lluvias y tormentas que aparecer\u00e1n el lunes, el martes, algo el mi\u00e9rcoles y tambi\u00e9n el s\u00e1bado.<\/p>\n<p>Seg\u00fan datos del Observatorio C\u00f3rdoba, dependiente del Servicio Meteorol\u00f3gico Nacional, estos d\u00edas veraniegos tendr\u00e1n temperaturas superiores a los 30 grados durante cada jornada y en algunos casos con precipitaciones de variada intensidad.<\/p>\n<p>Para el <strong>lunes 22<\/strong>, se pronostican lluvias todo el d\u00eda, con algunas tormentas. Las temperaturas llegar\u00e1n a una m\u00e1xima de 30\u00b0 y la m\u00ednima ser\u00e1 de 18\u00b0.<\/p>\n<p>El <strong>martes 23<\/strong> la temperatura m\u00e1xima subir\u00e1 a 31\u00b0, la m\u00ednima se mantendr\u00e1 en 18\u00b0, pero solamente habr\u00e1 precipitaciones durante la ma\u00f1ana; luego el cielo estar\u00e1 parcialmente nublado.<\/p>\n<p>En tanto que el <strong>mi\u00e9rcoles 24, esperando la Nochebuena<\/strong>, la m\u00e1xima llegar\u00e1 a los 35\u00b0 y la m\u00ednima no descender\u00e1 m\u00e1s abajo de los 28\u00b0. Ser\u00e1 una jornada agobiante, por lo que se espera un desmejoramiento hacia la noche y algunas lluvias y tormentas.<\/p>\n<p>El <strong>jueves 25, Navidad<\/strong>, no llover\u00e1, la m\u00e1xima ser\u00e1 de 31\u00b0 y la m\u00ednima de 23\u00b0, mientras que el cielo permanecer\u00e1 parcialmente nublado a nublado.<\/p>\n<p>Por su parte, el <strong>viernes 26<\/strong>, subir\u00e1n las temperaturas con una m\u00e1xima de 33\u00b0 y la m\u00ednima ser\u00e1 de 26\u00b0; no habr\u00e1 precipitaciones y comenzar\u00e1 a cubrirse el cielo de nubes hacia la tarde o noche.<\/p>\n<p>Finalmente, el <strong>s\u00e1bado 27<\/strong>, volver\u00e1n las tormentas durante la tarde, la m\u00e1xima ser\u00e1 de 31\u00b0 y la m\u00ednima descender\u00e1 hasta los 25\u00b0, mientras que los vientos soplar\u00e1n desde el cuadrante sur con r\u00e1fagas de entre 42 y 50 km por hora.<\/p>\n<figure class=\"multimedia\" data-tadevel-template=\"web\/multimedia\" data-type=\"photo\">\n<div class=\"content\">\n<div class=\"sizer\" data-sizer=\"aspect-ratio\" data-tadevel-template=\"web\/aspect-ratio\"><img alt=\"Mesa adentro o mesa afuera: qu\u00e9 dice el pron\u00f3stico extendido para C\u00f3rdoba\" loading=\"lazy\"><\/div>\n<\/div><figcaption class=\"caption\">\n<div class=\"attribution\">Foto: Observatorio C\u00f3rdoba &#8211; Servicio Meteorol\u00f3gico Nacional<\/div>\n<\/figcaption><\/figure>\n","protected":false},"excerpt":{"rendered":"<p>La primera semana del verano 2025\/2026 llega con bastante agua, con lluvias y tormentas que aparecer\u00e1n el lunes, el martes, algo el mi\u00e9rcoles y tambi\u00e9n el s\u00e1bado. Seg\u00fan datos del Observatorio C\u00f3rdoba, dependiente del Servicio Meteorol\u00f3gico Nacional, estos d\u00edas veraniegos tendr\u00e1n temperaturas superiores a los 30 grados durante cada jornada y en algunos casos con [&hellip;]<\/p>\n","protected":false},"author":1,"featured_media":46178,"comment_status":"closed","ping_status":"closed","sticky":false,"template":"","format":"standard","meta":{"om_disable_all_campaigns":false,"_monsterinsights_skip_tracking":false,"_monsterinsights_sitenote_active":false,"_monsterinsights_sitenote_note":"","_monsterinsights_sitenote_category":0},"categories":[18],"tags":[],"aioseo_notices":[],"_links":{"self":[{"href":"https:\/\/economiapoliticacba.com\/index.php?rest_route=\/wp\/v2\/posts\/46177"}],"collection":[{"href":"https:\/\/economiapoliticacba.com\/index.php?rest_route=\/wp\/v2\/posts"}],"about":[{"href":"https:\/\/economiapoliticacba.com\/index.php?rest_route=\/wp\/v2\/types\/post"}],"author":[{"embeddable":true,"href":"https:\/\/economiapoliticacba.com\/index.php?rest_route=\/wp\/v2\/users\/1"}],"replies":[{"embeddable":true,"href":"https:\/\/economiapoliticacba.com\/index.php?rest_route=%2Fwp%2Fv2%2Fcomments&post=46177"}],"version-history":[{"count":0,"href":"https:\/\/economiapoliticacba.com\/index.php?rest_route=\/wp\/v2\/posts\/46177\/revisions"}],"wp:featuredmedia":[{"embeddable":true,"href":"https:\/\/economiapoliticacba.com\/index.php?rest_route=\/wp\/v2\/media\/46178"}],"wp:attachment":[{"href":"https:\/\/economiapoliticacba.com\/index.php?rest_route=%2Fwp%2Fv2%2Fmedia&parent=46177"}],"wp:term":[{"taxonomy":"category","embeddable":true,"href":"https:\/\/economiapoliticacba.com\/index.php?rest_route=%2Fwp%2Fv2%2Fcategories&post=46177"},{"taxonomy":"post_tag","embeddable":true,"href":"https:\/\/economiapoliticacba.com\/index.php?rest_route=%2Fwp%2Fv2%2Ftags&post=46177"}],"curies":[{"name":"wp","href":"https:\/\/api.w.org\/{rel}","templated":true}]}}