{"id":46140,"date":"2025-12-20T22:50:17","date_gmt":"2025-12-20T22:50:17","guid":{"rendered":"http:\/\/6947251a2128774661fad589"},"modified":"2025-12-20T22:50:17","modified_gmt":"2025-12-20T22:50:17","slug":"tiempo-en-cordoba-renuevan-alerta-por-fuertes-tormentas-para-este-domingo","status":"publish","type":"post","link":"https:\/\/economiapoliticacba.com\/?p=46140","title":{"rendered":"Tiempo en C\u00f3rdoba: renuevan alerta por fuertes tormentas para este domingo"},"content":{"rendered":"<p><img src=\"http:\/\/economiapoliticacba.com\/wp-content\/uploads\/2025\/12\/tiempo-en-cordoba-renuevan-alerta-por-fuertes-tormentas-para-este-domingo.jpg\"><\/p>\n<p>Las tormentas en la ciudad de C\u00f3rdoba y el \u00e1rea metropolitana se esperan para este domingo a la madrugada.&nbsp;<\/p>\n<p>La indicaci\u00f3n fue informada por la Municipalidad de la ciudad capital en base a los registros del Observatorio Hidrometeorol\u00f3gico de la Provincia.<\/p>\n<figure class=\"multimedia\" data-tadevel-template=\"web\/multimedia\" data-type=\"photo\">\n<div class=\"content\">\n<div class=\"sizer\" data-sizer=\"aspect-ratio\" data-tadevel-template=\"web\/aspect-ratio\"><img alt=\"Rige alerta amarillo para una parte de C\u00f3rdoba.\" loading=\"lazy\"><\/div>\n<\/div><figcaption class=\"caption\">\n<div class=\"description\">Rige alerta amarillo para una parte de C\u00f3rdoba.<\/div>\n<div class=\"attribution\">Imagen: SMN.<\/div>\n<\/figcaption><\/figure>\n<p>De acuerdo al pron\u00f3stico, entre las tres de la madrugada y las ocho de la ma\u00f1ana se prev\u00e9 abundante ca\u00edda de agua en cortos per\u00edodos de tiempo de de manera aislada.&nbsp;<\/p>\n<figure class=\"multimedia\" data-tadevel-template=\"web\/multimedia\" data-type=\"photo\">\n<div class=\"content\">\n<div class=\"sizer\" data-sizer=\"aspect-ratio\" data-tadevel-template=\"web\/aspect-ratio\"><img alt=\"La probabilidad de tormentas se extienden hasta el lunes.\" loading=\"lazy\"><\/div>\n<\/div><figcaption class=\"caption\">\n<div class=\"description\">La probabilidad de tormentas se extienden hasta el lunes.<\/div>\n<div class=\"attribution\">Imagen: SMN.<\/div>\n<\/figcaption><\/figure>\n<p>Adem\u00e1s se alert\u00f3 sobre la baja visibilidad en las rutas que puede ocurrir por las r\u00e1fagas de viento durante el domingo.<\/p>\n","protected":false},"excerpt":{"rendered":"<p>Las tormentas en la ciudad de C\u00f3rdoba y el \u00e1rea metropolitana se esperan para este domingo a la madrugada.&nbsp; La indicaci\u00f3n fue informada por la Municipalidad de la ciudad capital en base a los registros del Observatorio Hidrometeorol\u00f3gico de la Provincia. Rige alerta amarillo para una parte de C\u00f3rdoba. Imagen: SMN. De acuerdo al pron\u00f3stico, [&hellip;]<\/p>\n","protected":false},"author":1,"featured_media":46141,"comment_status":"closed","ping_status":"closed","sticky":false,"template":"","format":"standard","meta":{"om_disable_all_campaigns":false,"_monsterinsights_skip_tracking":false,"_monsterinsights_sitenote_active":false,"_monsterinsights_sitenote_note":"","_monsterinsights_sitenote_category":0},"categories":[18],"tags":[],"aioseo_notices":[],"_links":{"self":[{"href":"https:\/\/economiapoliticacba.com\/index.php?rest_route=\/wp\/v2\/posts\/46140"}],"collection":[{"href":"https:\/\/economiapoliticacba.com\/index.php?rest_route=\/wp\/v2\/posts"}],"about":[{"href":"https:\/\/economiapoliticacba.com\/index.php?rest_route=\/wp\/v2\/types\/post"}],"author":[{"embeddable":true,"href":"https:\/\/economiapoliticacba.com\/index.php?rest_route=\/wp\/v2\/users\/1"}],"replies":[{"embeddable":true,"href":"https:\/\/economiapoliticacba.com\/index.php?rest_route=%2Fwp%2Fv2%2Fcomments&post=46140"}],"version-history":[{"count":0,"href":"https:\/\/economiapoliticacba.com\/index.php?rest_route=\/wp\/v2\/posts\/46140\/revisions"}],"wp:featuredmedia":[{"embeddable":true,"href":"https:\/\/economiapoliticacba.com\/index.php?rest_route=\/wp\/v2\/media\/46141"}],"wp:attachment":[{"href":"https:\/\/economiapoliticacba.com\/index.php?rest_route=%2Fwp%2Fv2%2Fmedia&parent=46140"}],"wp:term":[{"taxonomy":"category","embeddable":true,"href":"https:\/\/economiapoliticacba.com\/index.php?rest_route=%2Fwp%2Fv2%2Fcategories&post=46140"},{"taxonomy":"post_tag","embeddable":true,"href":"https:\/\/economiapoliticacba.com\/index.php?rest_route=%2Fwp%2Fv2%2Ftags&post=46140"}],"curies":[{"name":"wp","href":"https:\/\/api.w.org\/{rel}","templated":true}]}}