{"id":46108,"date":"2025-12-19T21:49:10","date_gmt":"2025-12-19T21:49:10","guid":{"rendered":"http:\/\/6945c4ae2128774661d58157"},"modified":"2025-12-19T21:49:10","modified_gmt":"2025-12-19T21:49:10","slug":"alerta-por-tormentas-en-cordoba-abundantes-precipitaciones-y-caida-de-granizo","status":"publish","type":"post","link":"https:\/\/economiapoliticacba.com\/?p=46108","title":{"rendered":"Alerta por tormentas en C\u00f3rdoba: abundantes precipitaciones y ca\u00edda de granizo"},"content":{"rendered":"<p><img src=\"http:\/\/economiapoliticacba.com\/wp-content\/uploads\/2025\/12\/alerta-por-tormentas-en-cordoba-abundantes-precipitaciones-y-caida-de-granizo.jpg\"><\/p>\n<p>Las tormentas llegar\u00e1n a <strong>C\u00f3rdoba <\/strong>durante la madrugada de este s\u00e1bado seg\u00fan indic\u00f3<strong> Observatorio Hidro-meteorol\u00f3gico<\/strong> de la provincia.<\/p>\n<figure class=\"multimedia\" data-html data-tadevel-template=\"web\/multimedia\" data-type=\"rich\" data-url=\"https:\/\/twitter.com\/PoliciaCbaOf\/status\/2002126100915429793\"><figcaption class=\"caption\">\n<div class=\"description\">X de Polic\u00eda de C\u00f3rdoba<\/div>\n<\/figcaption><\/figure>\n<p><mark><strong>El pron\u00f3stico indica que hasta las dos de la tarde del s\u00e1bado se registrar\u00e1n tormentas de variada intensidad, acompa\u00f1adas de granizo, abundante ca\u00edda de agua en per\u00edodos cortos y r\u00e1fagas de vientos de hasta 70 km\/h.<\/strong><\/mark><\/p>\n<figure class=\"multimedia\" data-tadevel-template=\"web\/multimedia\" data-type=\"photo\">\n<div class=\"content\">\n<div class=\"sizer\" data-sizer=\"aspect-ratio\" data-tadevel-template=\"web\/aspect-ratio\"><img alt=\"En la provincia de C\u00f3rdoba rigen alertas amarilla y naranja.\" loading=\"lazy\"><\/div>\n<\/div><figcaption class=\"caption\">\n<div class=\"description\">En la provincia de C\u00f3rdoba rigen alertas amarilla y naranja.<\/div>\n<div class=\"attribution\">Imagen: SMN.<\/div>\n<\/figcaption><\/figure>\n<p>El Servicio Meteorol\u00f3gico Nacional mantiene una alerta amarilla y otra naranja para el territorio cordob\u00e9s.<\/p>\n<figure class=\"multimedia\" data-tadevel-template=\"web\/multimedia\" data-type=\"photo\">\n<div class=\"content\">\n<div class=\"sizer\" data-sizer=\"aspect-ratio\" data-tadevel-template=\"web\/aspect-ratio\"><img alt=\"Las lluvias ser\u00e1n una constante el fin de semana.\" loading=\"lazy\"><\/div>\n<\/div><figcaption class=\"caption\">\n<div class=\"description\">Las lluvias ser\u00e1n una constante el fin de semana.<\/div>\n<div class=\"attribution\">Imagen: SMN.<\/div>\n<\/figcaption><\/figure>\n<p>Las tormentas provocar\u00e1n una baja de la temperatura despu\u00e9s de la ola de calor de los \u00faltimos d\u00edas en C\u00f3rdoba.&nbsp;<\/p>\n","protected":false},"excerpt":{"rendered":"<p>Las tormentas llegar\u00e1n a C\u00f3rdoba durante la madrugada de este s\u00e1bado seg\u00fan indic\u00f3 Observatorio Hidro-meteorol\u00f3gico de la provincia. X de Polic\u00eda de C\u00f3rdoba El pron\u00f3stico indica que hasta las dos de la tarde del s\u00e1bado se registrar\u00e1n tormentas de variada intensidad, acompa\u00f1adas de granizo, abundante ca\u00edda de agua en per\u00edodos cortos y r\u00e1fagas de vientos [&hellip;]<\/p>\n","protected":false},"author":1,"featured_media":46109,"comment_status":"closed","ping_status":"closed","sticky":false,"template":"","format":"standard","meta":{"om_disable_all_campaigns":false,"_monsterinsights_skip_tracking":false,"_monsterinsights_sitenote_active":false,"_monsterinsights_sitenote_note":"","_monsterinsights_sitenote_category":0},"categories":[18],"tags":[],"aioseo_notices":[],"_links":{"self":[{"href":"https:\/\/economiapoliticacba.com\/index.php?rest_route=\/wp\/v2\/posts\/46108"}],"collection":[{"href":"https:\/\/economiapoliticacba.com\/index.php?rest_route=\/wp\/v2\/posts"}],"about":[{"href":"https:\/\/economiapoliticacba.com\/index.php?rest_route=\/wp\/v2\/types\/post"}],"author":[{"embeddable":true,"href":"https:\/\/economiapoliticacba.com\/index.php?rest_route=\/wp\/v2\/users\/1"}],"replies":[{"embeddable":true,"href":"https:\/\/economiapoliticacba.com\/index.php?rest_route=%2Fwp%2Fv2%2Fcomments&post=46108"}],"version-history":[{"count":0,"href":"https:\/\/economiapoliticacba.com\/index.php?rest_route=\/wp\/v2\/posts\/46108\/revisions"}],"wp:featuredmedia":[{"embeddable":true,"href":"https:\/\/economiapoliticacba.com\/index.php?rest_route=\/wp\/v2\/media\/46109"}],"wp:attachment":[{"href":"https:\/\/economiapoliticacba.com\/index.php?rest_route=%2Fwp%2Fv2%2Fmedia&parent=46108"}],"wp:term":[{"taxonomy":"category","embeddable":true,"href":"https:\/\/economiapoliticacba.com\/index.php?rest_route=%2Fwp%2Fv2%2Fcategories&post=46108"},{"taxonomy":"post_tag","embeddable":true,"href":"https:\/\/economiapoliticacba.com\/index.php?rest_route=%2Fwp%2Fv2%2Ftags&post=46108"}],"curies":[{"name":"wp","href":"https:\/\/api.w.org\/{rel}","templated":true}]}}