{"id":46072,"date":"2025-12-18T22:58:25","date_gmt":"2025-12-18T22:58:25","guid":{"rendered":"http:\/\/694483812128774661c976ed"},"modified":"2025-12-18T22:58:25","modified_gmt":"2025-12-18T22:58:25","slug":"confirmado-la-finalissima-2026-entre-argentina-y-espana-tiene-fecha-y-lugar","status":"publish","type":"post","link":"https:\/\/economiapoliticacba.com\/?p=46072","title":{"rendered":"Confirmado: la Finalissima 2026 entre Argentina y Espa\u00f1a tiene fecha y lugar"},"content":{"rendered":"<p><img src=\"http:\/\/economiapoliticacba.com\/wp-content\/uploads\/2025\/12\/confirmado-la-finalissima-2026-entre-argentina-y-espana-tiene-fecha-y-lugar.jpg\"><\/p>\n<p>La CONMEBOL y la UEFA han confirmado oficialmente los detalles de la Finalissima 2026, un enfrentamiento entre Argentina y Espa\u00f1a, los campeones de la Copa Am\u00e9rica 2024 y la Eurocopa 2024, respectivamente. El evento se llevar\u00e1 a cabo el <strong>viernes 27 de marzo de 2026<\/strong>, a las <strong>15:00 (hora de Argentina)<\/strong>, en el emblem\u00e1tico <strong>Estadio Lusail<\/strong> de Qatar, escenario que tambi\u00e9n fue testigo de la consagraci\u00f3n mundialista de la Albiceleste en la final contra Francia.<\/p>\n<figure class=\"multimedia\" data-tadevel-template=\"web\/multimedia\" data-type=\"photo\">\n<div class=\"content\">\n<div class=\"sizer\" data-sizer=\"aspect-ratio\" data-tadevel-template=\"web\/aspect-ratio\"><img alt=\"Confirmado: la Finalissima 2026 entre Argentina y Espa\u00f1a tiene fecha y lugar\" loading=\"lazy\"><\/div>\n<\/div>\n<\/figure>\n<p>Este encuentro, que destaca la cooperaci\u00f3n entre las dos principales confederaciones de f\u00fatbol, surge como una continuaci\u00f3n del evento internacional que fue reactivado en 2022, donde Argentina se impuso por 3-0 a Italia en Wembley. En palabras de <strong>Alejandro Dom\u00ednguez<\/strong>, presidente de la CONMEBOL, la Finalissima es m\u00e1s que una competencia, es un s\u00edmbolo de uni\u00f3n entre Sudam\u00e9rica y Europa. <strong>Aleksander \u010ceferin<\/strong>, su hom\u00f3logo en la UEFA, subray\u00f3 la relevancia global de este evento, destacando la oportunidad \u00fanica para los fan\u00e1ticos de vivir una jornada de f\u00fatbol de \u00e9lite.<\/p>\n<figure class=\"multimedia\" data-tadevel-template=\"web\/multimedia\" data-type=\"photo\">\n<div class=\"content\">\n<div class=\"sizer\" data-sizer=\"aspect-ratio\" data-tadevel-template=\"web\/aspect-ratio\"><img alt=\"Confirmado: la Finalissima 2026 entre Argentina y Espa\u00f1a tiene fecha y lugar\" loading=\"lazy\"><\/div>\n<\/div>\n<\/figure>\n<p>El <strong>Estadio Lusail<\/strong>, que albergar\u00e1 la Finalissima, es conocido por su capacidad para <strong>80,000 espectadores<\/strong> y su dise\u00f1o moderno, pensado para ser un legado arquitect\u00f3nico. Tras el Mundial, se transformar\u00e1 en un espacio de usos m\u00faltiples, con escuelas, instalaciones deportivas y cl\u00ednicas de salud, asegurando un impacto positivo en la comunidad local.<\/p>\n<figure class=\"multimedia\" data-tadevel-template=\"web\/multimedia\" data-type=\"photo\">\n<div class=\"content\">\n<div class=\"sizer\" data-sizer=\"aspect-ratio\" data-tadevel-template=\"web\/aspect-ratio\"><img alt=\"Confirmado: la Finalissima 2026 entre Argentina y Espa\u00f1a tiene fecha y lugar\" loading=\"lazy\"><\/div>\n<\/div>\n<\/figure>\n<p>Este partido internacional se da en un contexto muy especial, ya que se celebrar\u00e1 poco tiempo antes del inicio de la Copa del Mundo 2026, a disputarse en Estados Unidos, M\u00e9xico y Canad\u00e1. Adem\u00e1s de su relevancia deportiva, la Finalissima representa una oportunidad \u00fanica para los equipos y sus hinchas de celebrar una historia compartida en el f\u00fatbol global.<\/p>\n<figure class=\"multimedia\" data-tadevel-template=\"web\/multimedia\" data-type=\"photo\">\n<div class=\"content\">\n<div class=\"sizer\" data-sizer=\"aspect-ratio\" data-tadevel-template=\"web\/aspect-ratio\"><img alt=\"Confirmado: la Finalissima 2026 entre Argentina y Espa\u00f1a tiene fecha y lugar\" loading=\"lazy\"><\/div>\n<\/div>\n<\/figure>\n<p>Argentina y Espa\u00f1a, ya consolidadas como potencias en el f\u00fatbol mundial, buscan en este enfrentamiento un \u00faltimo ensayo antes del gran evento del f\u00fatbol, y el p\u00fablico internacional espera con ansias lo que promete ser un espect\u00e1culo de nivel mundial.<\/p>\n<figure class=\"multimedia\" data-tadevel-template=\"web\/multimedia\" data-type=\"photo\">\n<div class=\"content\">\n<div class=\"sizer\" data-sizer=\"aspect-ratio\" data-tadevel-template=\"web\/aspect-ratio\"><img alt=\"Confirmado: la Finalissima 2026 entre Argentina y Espa\u00f1a tiene fecha y lugar\" loading=\"lazy\"><\/div>\n<\/div>\n<\/figure>\n<p>La <strong>Finalissima<\/strong> tambi\u00e9n tiene un valor simb\u00f3lico de continuidad hist\u00f3rica, dado que su nombre original, <strong>Copa Artemio Franchi<\/strong>, fue utilizado en las ediciones de 1985 y 1993, y este resurgimiento en 2022 con la victoria de Argentina frente a Italia ha revivido la tradici\u00f3n de enfrentar a los campeones de los continentes de Sudam\u00e9rica y Europa. Con la <strong>Albiceleste<\/strong> defendiendo su t\u00edtulo y <strong>La Roja<\/strong> como reciente campeona de la Eurocopa, el encuentro ser\u00e1 un adelanto de lo que promete ser una apasionante edici\u00f3n de la Copa del Mundo en 2026.<\/p>\n","protected":false},"excerpt":{"rendered":"<p>La CONMEBOL y la UEFA han confirmado oficialmente los detalles de la Finalissima 2026, un enfrentamiento entre Argentina y Espa\u00f1a, los campeones de la Copa Am\u00e9rica 2024 y la Eurocopa 2024, respectivamente. El evento se llevar\u00e1 a cabo el viernes 27 de marzo de 2026, a las 15:00 (hora de Argentina), en el emblem\u00e1tico Estadio [&hellip;]<\/p>\n","protected":false},"author":1,"featured_media":46073,"comment_status":"closed","ping_status":"closed","sticky":false,"template":"","format":"standard","meta":{"om_disable_all_campaigns":false,"_monsterinsights_skip_tracking":false,"_monsterinsights_sitenote_active":false,"_monsterinsights_sitenote_note":"","_monsterinsights_sitenote_category":0},"categories":[18],"tags":[],"aioseo_notices":[],"_links":{"self":[{"href":"https:\/\/economiapoliticacba.com\/index.php?rest_route=\/wp\/v2\/posts\/46072"}],"collection":[{"href":"https:\/\/economiapoliticacba.com\/index.php?rest_route=\/wp\/v2\/posts"}],"about":[{"href":"https:\/\/economiapoliticacba.com\/index.php?rest_route=\/wp\/v2\/types\/post"}],"author":[{"embeddable":true,"href":"https:\/\/economiapoliticacba.com\/index.php?rest_route=\/wp\/v2\/users\/1"}],"replies":[{"embeddable":true,"href":"https:\/\/economiapoliticacba.com\/index.php?rest_route=%2Fwp%2Fv2%2Fcomments&post=46072"}],"version-history":[{"count":0,"href":"https:\/\/economiapoliticacba.com\/index.php?rest_route=\/wp\/v2\/posts\/46072\/revisions"}],"wp:featuredmedia":[{"embeddable":true,"href":"https:\/\/economiapoliticacba.com\/index.php?rest_route=\/wp\/v2\/media\/46073"}],"wp:attachment":[{"href":"https:\/\/economiapoliticacba.com\/index.php?rest_route=%2Fwp%2Fv2%2Fmedia&parent=46072"}],"wp:term":[{"taxonomy":"category","embeddable":true,"href":"https:\/\/economiapoliticacba.com\/index.php?rest_route=%2Fwp%2Fv2%2Fcategories&post=46072"},{"taxonomy":"post_tag","embeddable":true,"href":"https:\/\/economiapoliticacba.com\/index.php?rest_route=%2Fwp%2Fv2%2Ftags&post=46072"}],"curies":[{"name":"wp","href":"https:\/\/api.w.org\/{rel}","templated":true}]}}