{"id":46067,"date":"2025-12-19T01:18:45","date_gmt":"2025-12-19T01:18:45","guid":{"rendered":"http:\/\/6944a0b62128774661ca94a6"},"modified":"2025-12-19T01:18:45","modified_gmt":"2025-12-19T01:18:45","slug":"conmocion-en-nascar-greg-biffle-y-su-familia-fallecieron-en-un-accidente-de-avion","status":"publish","type":"post","link":"https:\/\/economiapoliticacba.com\/?p=46067","title":{"rendered":"Conmoci\u00f3n en NASCAR: Greg Biffle y su familia fallecieron en un accidente de avi\u00f3n"},"content":{"rendered":"<p><img src=\"http:\/\/economiapoliticacba.com\/wp-content\/uploads\/2025\/12\/conmocion-en-nascar-greg-biffle-y-su-familia-fallecieron-en-un-accidente-de-avion.jpg\"><\/p>\n<p>El automovilismo se encuentra en shock tras la tr\u00e1gica muerte de <strong>Greg Biffle<\/strong>, una de las grandes leyendas de la NASCAR, quien perdi\u00f3 la vida junto a su esposa <strong>Cristina<\/strong>, y sus hijos <strong>Emma<\/strong> y <strong>Ryder<\/strong> en un accidente a\u00e9reo ocurrido este jueves en <strong>Carolina del Norte<\/strong>. El avi\u00f3n, un Cessna C550, pertenec\u00eda a Biffle y se estrell\u00f3 mientras intentaba aterrizar en el Aeropuerto Regional de Statesville, a las 10:15 AM (hora local).<\/p>\n<figure class=\"multimedia\" data-tadevel-template=\"web\/multimedia\" data-type=\"video\"><figcaption class=\"caption\">\n<div class=\"description\">X de Breaking News<\/div>\n<\/figcaption><\/figure>\n<p>La tragedia fue confirmada por <strong>NASCAR<\/strong>, que expres\u00f3 su pesar en un comunicado oficial: &#8220;La familia de NASCAR est\u00e1 devastada por la p\u00e9rdida de Greg Biffle, quien fue uno de nuestros 75 mejores pilotos y se hizo conocido por su trabajo humanitario posterior a su carrera&#8221;. El accidente tambi\u00e9n cobr\u00f3 la vida de dos amigos cercanos de Biffle, <strong>Dennis Dutton<\/strong> y su hijo <strong>Jack<\/strong>, as\u00ed como <strong>Craig Wadsworth<\/strong>.<\/p>\n<figure class=\"multimedia\" data-tadevel-template=\"web\/multimedia\" data-type=\"photo\">\n<div class=\"content\">\n<div class=\"sizer\" data-sizer=\"aspect-ratio\" data-tadevel-template=\"web\/aspect-ratio\"><img alt=\"Conmoci\u00f3n en NASCAR: Greg Biffle y su familia fallecieron en un accidente de avi\u00f3n\" loading=\"lazy\"><\/div>\n<\/div>\n<\/figure>\n<p>Seg\u00fan los informes, el avi\u00f3n regresaba al aeropuerto tras despegar a las 10 de la ma\u00f1ana, y se estrell\u00f3 en un campo de golf cercano al lugar. <strong>Garrett Mitchell<\/strong>, un amigo de Biffle, confirm\u00f3 que el piloto y su familia viajaban a pasar el d\u00eda con \u00e9l. A trav\u00e9s de sus redes, Mitchell expres\u00f3: &#8220;Estamos devastados, y siento mucho tener que compartir esto&#8221;.<\/p>\n<figure class=\"multimedia\" data-tadevel-template=\"web\/multimedia\" data-type=\"video\"><figcaption class=\"caption\">\n<div class=\"description\">X de ABC7 Eyewitness News<\/div>\n<\/figcaption><\/figure>\n<p><strong>Greg Biffle<\/strong>, a los <strong>55 a\u00f1os<\/strong>, fue reconocido como uno de los mejores pilotos de la NASCAR, con 19 victorias en la <strong>Cup Series<\/strong>, adem\u00e1s de campeonatos en la <strong>Xfinity Series<\/strong> y la <strong>Craftsman Truck Series<\/strong>. A lo largo de su carrera, Biffle tambi\u00e9n se destac\u00f3 por su compromiso con causas humanitarias, realizando misiones de rescate en helic\u00f3ptero tras el paso del hurac\u00e1n <strong>Helene<\/strong> en 2024.<\/p>\n<figure class=\"multimedia\" data-tadevel-template=\"web\/multimedia\" data-type=\"photo\">\n<div class=\"content\">\n<div class=\"sizer\" data-sizer=\"aspect-ratio\" data-tadevel-template=\"web\/aspect-ratio\"><img alt=\"Conmoci\u00f3n en NASCAR: Greg Biffle y su familia fallecieron en un accidente de avi\u00f3n\" loading=\"lazy\"><\/div>\n<\/div>\n<\/figure>\n<p>El mundo del automovilismo llora la partida de un hombre que dej\u00f3 una huella imborrable tanto dentro como fuera de las pistas. <strong>Richard Hudson<\/strong>, congresista de Carolina del Norte, expres\u00f3 su dolor en redes sociales: &#8220;Greg fue un gran campe\u00f3n de NASCAR, pero tambi\u00e9n fue una persona extraordinaria, y ser\u00e1 recordado tanto por su servicio al pr\u00f3jimo como por su valent\u00eda en la pista&#8221;.<\/p>\n<figure class=\"multimedia\" data-html data-tadevel-template=\"web\/multimedia\" data-type=\"rich\" data-url=\"https:\/\/twitter.com\/NASCAR\/status\/2001772085983744220\"><figcaption class=\"caption\">\n<div class=\"description\">X de NASCAR<\/div>\n<\/figcaption><\/figure>\n<p><strong>La NASCAR<\/strong> y la comunidad deportiva contin\u00faan de luto por la p\u00e9rdida de <strong>Greg Biffle<\/strong> y su familia, un tr\u00e1gico recordatorio de la fragilidad de la vida. La <strong>Administraci\u00f3n Federal de Aviaci\u00f3n<\/strong> (FAA) y la <strong>Junta Nacional de Seguridad en el Transporte<\/strong> (NTSB) est\u00e1n investigando las causas del siniestro.<\/p>\n<figure class=\"multimedia\" data-tadevel-template=\"web\/multimedia\" data-type=\"photo\">\n<div class=\"content\">\n<div class=\"sizer\" data-sizer=\"aspect-ratio\" data-tadevel-template=\"web\/aspect-ratio\"><img alt=\"Conmoci\u00f3n en NASCAR: Greg Biffle y su familia fallecieron en un accidente de avi\u00f3n\" loading=\"lazy\"><\/div>\n<\/div>\n<\/figure>\n","protected":false},"excerpt":{"rendered":"<p>El automovilismo se encuentra en shock tras la tr\u00e1gica muerte de Greg Biffle, una de las grandes leyendas de la NASCAR, quien perdi\u00f3 la vida junto a su esposa Cristina, y sus hijos Emma y Ryder en un accidente a\u00e9reo ocurrido este jueves en Carolina del Norte. El avi\u00f3n, un Cessna C550, pertenec\u00eda a Biffle [&hellip;]<\/p>\n","protected":false},"author":1,"featured_media":46068,"comment_status":"closed","ping_status":"closed","sticky":false,"template":"","format":"standard","meta":{"om_disable_all_campaigns":false,"_monsterinsights_skip_tracking":false,"_monsterinsights_sitenote_active":false,"_monsterinsights_sitenote_note":"","_monsterinsights_sitenote_category":0},"categories":[18],"tags":[],"aioseo_notices":[],"_links":{"self":[{"href":"https:\/\/economiapoliticacba.com\/index.php?rest_route=\/wp\/v2\/posts\/46067"}],"collection":[{"href":"https:\/\/economiapoliticacba.com\/index.php?rest_route=\/wp\/v2\/posts"}],"about":[{"href":"https:\/\/economiapoliticacba.com\/index.php?rest_route=\/wp\/v2\/types\/post"}],"author":[{"embeddable":true,"href":"https:\/\/economiapoliticacba.com\/index.php?rest_route=\/wp\/v2\/users\/1"}],"replies":[{"embeddable":true,"href":"https:\/\/economiapoliticacba.com\/index.php?rest_route=%2Fwp%2Fv2%2Fcomments&post=46067"}],"version-history":[{"count":0,"href":"https:\/\/economiapoliticacba.com\/index.php?rest_route=\/wp\/v2\/posts\/46067\/revisions"}],"wp:featuredmedia":[{"embeddable":true,"href":"https:\/\/economiapoliticacba.com\/index.php?rest_route=\/wp\/v2\/media\/46068"}],"wp:attachment":[{"href":"https:\/\/economiapoliticacba.com\/index.php?rest_route=%2Fwp%2Fv2%2Fmedia&parent=46067"}],"wp:term":[{"taxonomy":"category","embeddable":true,"href":"https:\/\/economiapoliticacba.com\/index.php?rest_route=%2Fwp%2Fv2%2Fcategories&post=46067"},{"taxonomy":"post_tag","embeddable":true,"href":"https:\/\/economiapoliticacba.com\/index.php?rest_route=%2Fwp%2Fv2%2Ftags&post=46067"}],"curies":[{"name":"wp","href":"https:\/\/api.w.org\/{rel}","templated":true}]}}