{"id":46036,"date":"2025-12-18T02:16:40","date_gmt":"2025-12-18T02:16:40","guid":{"rendered":"http:\/\/694362492128774661c072ff"},"modified":"2025-12-18T02:16:40","modified_gmt":"2025-12-18T02:16:40","slug":"conmocion-en-guayaquil-sicarios-mataron-al-jugador-de-barcelona-mario-pineida","status":"publish","type":"post","link":"https:\/\/economiapoliticacba.com\/?p=46036","title":{"rendered":"Conmoci\u00f3n en Guayaquil: sicarios mataron al jugador de Barcelona Mario Pineida"},"content":{"rendered":"<p><img src=\"http:\/\/economiapoliticacba.com\/wp-content\/uploads\/2025\/12\/conmocion-en-guayaquil-sicarios-mataron-al-jugador-de-barcelona-mario-pineida.jpg\"><\/p>\n<p>El f\u00fatbol ecuatoriano atraviesa horas de profunda conmoci\u00f3n tras confirmarse el asesinato de Mario Pineida, jugador del Barcelona Sporting Club, ocurrido la tarde de este mi\u00e9rcoles 17 de diciembre en el sector de Samanes, al norte de Guayaquil. El hecho se produjo en los exteriores de una carnicer\u00eda, donde el futbolista se encontraba junto a miembros de su familia.<\/p>\n<figure class=\"multimedia\" data-tadevel-template=\"web\/multimedia\" data-type=\"photo\">\n<div class=\"content\">\n<div class=\"sizer\" data-sizer=\"aspect-ratio\" data-tadevel-template=\"web\/aspect-ratio\"><img alt=\"Conmoci\u00f3n en Guayaquil: sicarios mataron al jugador de Barcelona Mario Pineida\" loading=\"lazy\"><\/div>\n<\/div>\n<\/figure>\n<p>De acuerdo a informaci\u00f3n policial, Pineida fue atacado por sicarios y recibi\u00f3 m\u00faltiples disparos. En el atentado falleci\u00f3 tambi\u00e9n una mujer, identificada como su esposa, mientras que otra persona \u2014quien ser\u00eda su madre\u2014 result\u00f3 herida y fue trasladada a un centro de salud. Las autoridades iniciaron una investigaci\u00f3n para determinar las circunstancias del crimen.<\/p>\n<figure class=\"multimedia\" data-tadevel-template=\"web\/multimedia\" data-type=\"video\"><figcaption class=\"caption\">\n<div class=\"description\">X de \ud83d\udc41\ufe0f\u200d\ud83d\udde8\ufe0f Market Tendencia<\/div>\n<\/figcaption><\/figure>\n<p>Horas despu\u00e9s del hecho, Barcelona Sporting Club confirm\u00f3 oficialmente la muerte del jugador a trav\u00e9s de un comunicado institucional en el que expres\u00f3 su pesar y acompa\u00f1amiento a la familia. La entidad adelant\u00f3 que en las pr\u00f3ximas horas brindar\u00e1 detalles sobre los actos conmemorativos.<\/p>\n<figure class=\"multimedia\" data-tadevel-template=\"web\/multimedia\" data-type=\"photo\">\n<div class=\"content\">\n<div class=\"sizer\" data-sizer=\"aspect-ratio\" data-tadevel-template=\"web\/aspect-ratio\"><img alt=\"Conmoci\u00f3n en Guayaquil: sicarios mataron al jugador de Barcelona Mario Pineida\" loading=\"lazy\"><\/div>\n<\/div>\n<\/figure>\n<p>El asesinato se conoci\u00f3 pocas horas despu\u00e9s de que el presidente del club, Antonio \u00c1lvarez, hiciera p\u00fablica una carta en la que denunciaba la cr\u00edtica situaci\u00f3n interna de la instituci\u00f3n, marcada por deudas salariales y conflictos con el plantel profesional. En ese mensaje, el dirigente revel\u00f3 que un jugador hab\u00eda solicitado protecci\u00f3n especial tras recibir amenazas de muerte, aunque no se mencionaron nombres propios.<\/p>\n<p>La muerte de Pineida se suma a una serie de episodios violentos que afectaron al f\u00fatbol ecuatoriano durante 2025. En noviembre, Independiente del Valle inform\u00f3 el fallecimiento del juvenil Miguel Nazareno, de 16 a\u00f1os, en un hecho ocurrido en Guayaquil. En septiembre fueron asesinados Maicol Valencia y Leandro Y\u00e9pez, jugadores del Exapromo Costa, y semanas m\u00e1s tarde perdi\u00f3 la vida Jonathan Gonz\u00e1lez, ex Independiente del Valle y Liga de Quito, tras un ataque en Esmeraldas.<\/p>\n<figure class=\"multimedia\" data-tadevel-template=\"web\/multimedia\" data-type=\"photo\">\n<div class=\"content\">\n<div class=\"sizer\" data-sizer=\"aspect-ratio\" data-tadevel-template=\"web\/aspect-ratio\"><img alt=\"Conmoci\u00f3n en Guayaquil: sicarios mataron al jugador de Barcelona Mario Pineida\" loading=\"lazy\"><\/div>\n<\/div>\n<\/figure>\n<p>Mario Pineida, de 33 a\u00f1os, desarroll\u00f3 una extensa trayectoria en el f\u00fatbol ecuatoriano. Surgido en Panam\u00e1 SC, tuvo pasos por Independiente del Valle, Barcelona \u2014club con el que fue campe\u00f3n de la liga en 2016 y 2020\u2014 y El Nacional, donde obtuvo la Copa Ecuador 2024. Tambi\u00e9n registr\u00f3 una experiencia internacional en Fluminense, con el que conquist\u00f3 el Campeonato Carioca en 2022.<\/p>\n<figure class=\"multimedia\" data-html data-tadevel-template=\"web\/multimedia\" data-type=\"rich\" data-url=\"https:\/\/twitter.com\/FluminenseFC\/status\/2001440713888718914\"><figcaption class=\"caption\">\n<div class=\"description\">X de Fluminense F.C.<\/div>\n<\/figcaption><\/figure>\n<p>A nivel internacional, disput\u00f3 ocho partidos con la selecci\u00f3n ecuatoriana, particip\u00f3 de las Copas Am\u00e9rica 2015 y 2021 y form\u00f3 parte del seleccionado Sub 20 que compiti\u00f3 en el Mundial de Colombia 2011. Su fallecimiento vuelve a poner en foco la creciente violencia que golpea al deporte ecuatoriano.<\/p>\n","protected":false},"excerpt":{"rendered":"<p>El f\u00fatbol ecuatoriano atraviesa horas de profunda conmoci\u00f3n tras confirmarse el asesinato de Mario Pineida, jugador del Barcelona Sporting Club, ocurrido la tarde de este mi\u00e9rcoles 17 de diciembre en el sector de Samanes, al norte de Guayaquil. El hecho se produjo en los exteriores de una carnicer\u00eda, donde el futbolista se encontraba junto a [&hellip;]<\/p>\n","protected":false},"author":1,"featured_media":46037,"comment_status":"closed","ping_status":"closed","sticky":false,"template":"","format":"standard","meta":{"om_disable_all_campaigns":false,"_monsterinsights_skip_tracking":false,"_monsterinsights_sitenote_active":false,"_monsterinsights_sitenote_note":"","_monsterinsights_sitenote_category":0},"categories":[18],"tags":[],"aioseo_notices":[],"_links":{"self":[{"href":"https:\/\/economiapoliticacba.com\/index.php?rest_route=\/wp\/v2\/posts\/46036"}],"collection":[{"href":"https:\/\/economiapoliticacba.com\/index.php?rest_route=\/wp\/v2\/posts"}],"about":[{"href":"https:\/\/economiapoliticacba.com\/index.php?rest_route=\/wp\/v2\/types\/post"}],"author":[{"embeddable":true,"href":"https:\/\/economiapoliticacba.com\/index.php?rest_route=\/wp\/v2\/users\/1"}],"replies":[{"embeddable":true,"href":"https:\/\/economiapoliticacba.com\/index.php?rest_route=%2Fwp%2Fv2%2Fcomments&post=46036"}],"version-history":[{"count":0,"href":"https:\/\/economiapoliticacba.com\/index.php?rest_route=\/wp\/v2\/posts\/46036\/revisions"}],"wp:featuredmedia":[{"embeddable":true,"href":"https:\/\/economiapoliticacba.com\/index.php?rest_route=\/wp\/v2\/media\/46037"}],"wp:attachment":[{"href":"https:\/\/economiapoliticacba.com\/index.php?rest_route=%2Fwp%2Fv2%2Fmedia&parent=46036"}],"wp:term":[{"taxonomy":"category","embeddable":true,"href":"https:\/\/economiapoliticacba.com\/index.php?rest_route=%2Fwp%2Fv2%2Fcategories&post=46036"},{"taxonomy":"post_tag","embeddable":true,"href":"https:\/\/economiapoliticacba.com\/index.php?rest_route=%2Fwp%2Fv2%2Ftags&post=46036"}],"curies":[{"name":"wp","href":"https:\/\/api.w.org\/{rel}","templated":true}]}}