{"id":46034,"date":"2025-12-18T03:04:28","date_gmt":"2025-12-18T03:04:28","guid":{"rendered":"http:\/\/69436ad72128774661c0ae2d"},"modified":"2025-12-18T03:04:28","modified_gmt":"2025-12-18T03:04:28","slug":"los-premios-condor-celebraron-sus-25-anos-con-una-gala-historica-en-cordoba","status":"publish","type":"post","link":"https:\/\/economiapoliticacba.com\/?p=46034","title":{"rendered":"Los Premios C\u00f3ndor celebraron sus 25 a\u00f1os con una gala hist\u00f3rica en C\u00f3rdoba"},"content":{"rendered":"<p><img src=\"http:\/\/economiapoliticacba.com\/wp-content\/uploads\/2025\/12\/los-premios-condor-celebraron-sus-25-anos-con-una-gala-historica-en-cordoba.jpg\"><\/p>\n<p>El deporte cordob\u00e9s vivi\u00f3 una noche especial este mi\u00e9rcoles con la celebraci\u00f3n de los 25 a\u00f1os de los Premios C\u00f3ndor, el reconocimiento m\u00e1s importante a la actividad deportiva de la provincia. La ceremonia se llev\u00f3 a cabo en el Centro de Convenciones C\u00f3rdoba y reuni\u00f3 a deportistas, dirigentes, entrenadores, autoridades y familias en una edici\u00f3n marcada por el repaso de la trayectoria del galard\u00f3n y un nuevo formato de premiaci\u00f3n.<\/p>\n<figure class=\"multimedia\" data-tadevel-template=\"web\/multimedia\" data-type=\"photo\">\n<div class=\"content\">\n<div class=\"sizer\" data-sizer=\"aspect-ratio\" data-tadevel-template=\"web\/aspect-ratio\"><img alt=\"Los Premios C\u00f3ndor celebraron sus 25 a\u00f1os con una gala hist\u00f3rica en C\u00f3rdoba\" loading=\"lazy\"><\/div>\n<\/div>\n<\/figure>\n<p>La apertura estuvo a cargo del presidente de la Agencia C\u00f3rdoba Deportes, Agust\u00edn Calleri, quien brind\u00f3 un breve discurso institucional en el que destac\u00f3 el trabajo realizado a lo largo del a\u00f1o y el valor simb\u00f3lico de una edici\u00f3n que marc\u00f3 el cuarto de siglo de los premios.<\/p>\n<figure class=\"multimedia\" data-tadevel-template=\"web\/multimedia\" data-type=\"photo\">\n<div class=\"content\">\n<div class=\"sizer\" data-sizer=\"aspect-ratio\" data-tadevel-template=\"web\/aspect-ratio\"><img alt=\"Los Premios C\u00f3ndor celebraron sus 25 a\u00f1os con una gala hist\u00f3rica en C\u00f3rdoba\" loading=\"lazy\"><\/div>\n<\/div>\n<\/figure>\n<p>El momento central de la noche lleg\u00f3 con la entrega del C\u00f3ndor de Oro, m\u00e1ximo galard\u00f3n de la ceremonia, que fue otorgado a Nicol\u00e1s Cavigliasso y Valentina Pertegarini, campeones del Mundial de Rally Raid 2025. La dupla cordobesa coron\u00f3 una temporada consagratoria en el automovilismo internacional, con una actuaci\u00f3n sobresaliente en el Dakar y t\u00edtulos que los posicionan como referentes a nivel mundial.<\/p>\n<figure class=\"multimedia\" data-tadevel-template=\"web\/multimedia\" data-type=\"photo\">\n<div class=\"content\">\n<div class=\"sizer\" data-sizer=\"aspect-ratio\" data-tadevel-template=\"web\/aspect-ratio\"><img alt=\"Los Premios C\u00f3ndor celebraron sus 25 a\u00f1os con una gala hist\u00f3rica en C\u00f3rdoba\" loading=\"lazy\"><\/div>\n<\/div>\n<\/figure>\n<p>Adem\u00e1s, se entreg\u00f3 el C\u00f3ndor de la Gente, elegido por votaci\u00f3n popular a trav\u00e9s de las redes sociales de la Agencia C\u00f3rdoba Deportes, que qued\u00f3 en manos del joven piloto Marco Dianda, campe\u00f3n del TC Pista y el m\u00e1s joven en lograrlo en la historia de la categor\u00eda.<\/p>\n<figure class=\"multimedia\" data-tadevel-template=\"web\/multimedia\" data-type=\"photo\">\n<div class=\"content\">\n<div class=\"sizer\" data-sizer=\"aspect-ratio\" data-tadevel-template=\"web\/aspect-ratio\"><img alt=\"Los Premios C\u00f3ndor celebraron sus 25 a\u00f1os con una gala hist\u00f3rica en C\u00f3rdoba\" loading=\"lazy\"><\/div>\n<\/div>\n<\/figure>\n<p>La gala tambi\u00e9n incluy\u00f3 menciones especiales a destacados protagonistas del deporte argentino y provincial. Fueron reconocidas Las Murci\u00e9lagas, bicampeonas del mundo de f\u00fatbol para ciegas; el Club Atl\u00e9tico Belgrano, campe\u00f3n del f\u00fatbol femenino de Primera Divisi\u00f3n; Talleres, por su t\u00edtulo obtenido en la temporada; y Estudiantes de R\u00edo Cuarto, recientemente ascendido a la m\u00e1xima categor\u00eda del f\u00fatbol argentino.<\/p>\n<figure class=\"multimedia\" data-tadevel-template=\"web\/multimedia\" data-type=\"photo\">\n<div class=\"content\">\n<div class=\"sizer\" data-sizer=\"aspect-ratio\" data-tadevel-template=\"web\/aspect-ratio\"><img alt=\"Los Premios C\u00f3ndor celebraron sus 25 a\u00f1os con una gala hist\u00f3rica en C\u00f3rdoba\" loading=\"lazy\"><\/div>\n<\/div>\n<\/figure>\n<p>Uno de los momentos m\u00e1s emotivos de la noche fue el homenaje a Daniel Willington, emblema del f\u00fatbol cordob\u00e9s y argentino. Su familia recibi\u00f3 una plaqueta en reconocimiento a su legado deportivo y humano, en un pasaje que gener\u00f3 un prolongado aplauso del auditorio.<\/p>\n<figure class=\"multimedia\" data-tadevel-template=\"web\/multimedia\" data-type=\"photo\">\n<div class=\"content\">\n<div class=\"sizer\" data-sizer=\"aspect-ratio\" data-tadevel-template=\"web\/aspect-ratio\"><img alt=\"Los Premios C\u00f3ndor celebraron sus 25 a\u00f1os con una gala hist\u00f3rica en C\u00f3rdoba\" loading=\"lazy\"><\/div>\n<\/div>\n<\/figure>\n<p>En esta edici\u00f3n aniversario, los Premios C\u00f3ndor ratificaron su vigencia como una pol\u00edtica de reconocimiento al esfuerzo, la constancia y el talento de los deportistas de toda la provincia, abarcando disciplinas tradicionales y emergentes bajo un criterio unificado de evaluaci\u00f3n.<\/p>\n<figure class=\"multimedia\" data-tadevel-template=\"web\/multimedia\" data-type=\"photo\">\n<div class=\"content\">\n<div class=\"sizer\" data-sizer=\"aspect-ratio\" data-tadevel-template=\"web\/aspect-ratio\"><img alt=\"Los Premios C\u00f3ndor celebraron sus 25 a\u00f1os con una gala hist\u00f3rica en C\u00f3rdoba\" loading=\"lazy\"><\/div>\n<\/div>\n<\/figure>\n<h4><strong>C\u00f3ndor de Plata \u2013 Premiados por disciplina<\/strong><\/h4>\n<ul>\n<li>Federico Capello \u2014 Ciclismo<\/li>\n<li>Adri\u00e1n Sasso \u2014 Boxeo<\/li>\n<li>Nicol\u00e1s Cavigliasso y Valentina Pertegarini \u2014 Automovilismo<\/li>\n<li>Giuliana Gavil\u00e1n \u2014 Handball<\/li>\n<li>Santino Barbi \u2014 F\u00fatbol<\/li>\n<li>Giuliana Mickaela Novak \u2014 Karate<\/li>\n<li>Agostina Vargas Re \u2014 Gimnasia<\/li>\n<li>Valentina Albornoz \u2014 Canotaje<\/li>\n<li>Agostina Riu \u2014 Taekwondo<\/li>\n<li>Victoria V\u00edlchez \u2014 P\u00e1del<\/li>\n<li>Federico Pineda \u2014 Tiro<\/li>\n<li>Fernando V\u00e1zquez \u2014 Deporte Adaptado<\/li>\n<li>Ignacio Mamani \u2014 Remo<\/li>\n<li>Valentina Rocca \u2014 Pelota<\/li>\n<li>Nicol\u00e1s Pretto \u2014 Bochas<\/li>\n<li>Francisco Sebasti\u00e1n Alfonso \u2014 Squash<\/li>\n<li>Joaqu\u00edn Franichevich \u2014 Pat\u00edn<\/li>\n<li>Bautista Ahumada Cirrincione \u2014 Esqu\u00ed N\u00e1utico<\/li>\n<li>Joaqu\u00edn Pablo Bruno \u2014 Softbol\/B\u00e9isbol<\/li>\n<li>Mauricio Emanuel Villaruel \u2014 Turf<\/li>\n<li>Facundo Quiroz \u2014 Kickboxing<\/li>\n<li>Agust\u00edn Gil \u2014 Judo<\/li>\n<li>Amanda Medina Esper \u2014 Hockey sobre Patines<\/li>\n<li>Oriana Helena Tobares Dilascio \u2014 Ajedrez<\/li>\n<li>Kristos Maglini \u2014 Polo<\/li>\n<li>Facundo Lehner \u2014 Tenis de Mesa<\/li>\n<li>H\u00e9ctor David \u2014 Yachting<\/li>\n<li>Macarena Ceballos \u2014 Nataci\u00f3n<\/li>\n<li>Ana Paula Brouwer De Koning \u2014 Triatl\u00f3n<\/li>\n<li>Mat\u00edas Ezequiel Lorenzato \u2014 Motociclismo<\/li>\n<li>Mayra Errigo \u2014 Cestoball<\/li>\n<li>Fernando V\u00e1zquez \u2014 Atletismo<\/li>\n<li>Ana Giuliano \u2014 Golf<\/li>\n<li>Bianca Cugno \u2014 V\u00f3leibol<\/li>\n<li>Franco Minelli \u2014 Esgrima<\/li>\n<li>Facundo Campazzo \u2014 B\u00e1squetbol<\/li>\n<li>Agust\u00edn Alejandro Destribats \u2014 Lucha<\/li>\n<li>Luisina Giovanini \u2014 Tenis<\/li>\n<li>Gonzalo Caturelli \u2014 Deportes Extremos<\/li>\n<li>Juan Cruz Mall\u00eda \u2014 Rugby<\/li>\n<li>Valent\u00edn Merlo \u2014 Futsal<\/li>\n<li>Tom\u00e1s Santiago \u2014 Hockey sobre C\u00e9sped<\/li>\n<li>Guillermo Alberto Bertero \u2014 Pato<\/li>\n<\/ul>\n<figure class=\"multimedia\" data-tadevel-template=\"web\/multimedia\" data-type=\"photo\">\n<div class=\"content\">\n<div class=\"sizer\" data-sizer=\"aspect-ratio\" data-tadevel-template=\"web\/aspect-ratio\"><img alt=\"Los Premios C\u00f3ndor celebraron sus 25 a\u00f1os con una gala hist\u00f3rica en C\u00f3rdoba\" loading=\"lazy\"><\/div>\n<\/div>\n<\/figure>\n<figure class=\"multimedia\" data-tadevel-template=\"web\/multimedia\" data-type=\"photo\">\n<div class=\"content\">\n<div class=\"sizer\" data-sizer=\"aspect-ratio\" data-tadevel-template=\"web\/aspect-ratio\"><img alt=\"Los Premios C\u00f3ndor celebraron sus 25 a\u00f1os con una gala hist\u00f3rica en C\u00f3rdoba\" loading=\"lazy\"><\/div>\n<\/div>\n<\/figure>\n","protected":false},"excerpt":{"rendered":"<p>El deporte cordob\u00e9s vivi\u00f3 una noche especial este mi\u00e9rcoles con la celebraci\u00f3n de los 25 a\u00f1os de los Premios C\u00f3ndor, el reconocimiento m\u00e1s importante a la actividad deportiva de la provincia. La ceremonia se llev\u00f3 a cabo en el Centro de Convenciones C\u00f3rdoba y reuni\u00f3 a deportistas, dirigentes, entrenadores, autoridades y familias en una edici\u00f3n [&hellip;]<\/p>\n","protected":false},"author":1,"featured_media":46035,"comment_status":"closed","ping_status":"closed","sticky":false,"template":"","format":"standard","meta":{"om_disable_all_campaigns":false,"_monsterinsights_skip_tracking":false,"_monsterinsights_sitenote_active":false,"_monsterinsights_sitenote_note":"","_monsterinsights_sitenote_category":0},"categories":[18],"tags":[],"aioseo_notices":[],"_links":{"self":[{"href":"https:\/\/economiapoliticacba.com\/index.php?rest_route=\/wp\/v2\/posts\/46034"}],"collection":[{"href":"https:\/\/economiapoliticacba.com\/index.php?rest_route=\/wp\/v2\/posts"}],"about":[{"href":"https:\/\/economiapoliticacba.com\/index.php?rest_route=\/wp\/v2\/types\/post"}],"author":[{"embeddable":true,"href":"https:\/\/economiapoliticacba.com\/index.php?rest_route=\/wp\/v2\/users\/1"}],"replies":[{"embeddable":true,"href":"https:\/\/economiapoliticacba.com\/index.php?rest_route=%2Fwp%2Fv2%2Fcomments&post=46034"}],"version-history":[{"count":0,"href":"https:\/\/economiapoliticacba.com\/index.php?rest_route=\/wp\/v2\/posts\/46034\/revisions"}],"wp:featuredmedia":[{"embeddable":true,"href":"https:\/\/economiapoliticacba.com\/index.php?rest_route=\/wp\/v2\/media\/46035"}],"wp:attachment":[{"href":"https:\/\/economiapoliticacba.com\/index.php?rest_route=%2Fwp%2Fv2%2Fmedia&parent=46034"}],"wp:term":[{"taxonomy":"category","embeddable":true,"href":"https:\/\/economiapoliticacba.com\/index.php?rest_route=%2Fwp%2Fv2%2Fcategories&post=46034"},{"taxonomy":"post_tag","embeddable":true,"href":"https:\/\/economiapoliticacba.com\/index.php?rest_route=%2Fwp%2Fv2%2Ftags&post=46034"}],"curies":[{"name":"wp","href":"https:\/\/api.w.org\/{rel}","templated":true}]}}