{"id":46008,"date":"2025-12-16T21:35:39","date_gmt":"2025-12-16T21:35:39","guid":{"rendered":"http:\/\/6941cd4b2128774661b44552"},"modified":"2025-12-16T21:35:39","modified_gmt":"2025-12-16T21:35:39","slug":"toch-celebra-19-anos-concierto-el-13-de-marzo-en-quality-lab-para-presentar-su-sexto-disco","status":"publish","type":"post","link":"https:\/\/economiapoliticacba.com\/?p=46008","title":{"rendered":"TOCH celebra 19 a\u00f1os: concierto el 13 de marzo en Quality Lab para presentar su sexto disco"},"content":{"rendered":"<p><img src=\"http:\/\/economiapoliticacba.com\/wp-content\/uploads\/2025\/12\/toch-celebra-19-anos-concierto-el-13-de-marzo-en-quality-lab-para-presentar-su-sexto-disco.jpg\"><\/p>\n<p>El tr\u00edo cordob\u00e9s TOCH se presentar\u00e1 el pr\u00f3ximo viernes 13 de marzo en Quality Lab para estrenar en vivo su sexto disco de estudio. El concierto, que contar\u00e1 con invitados especiales, marcar\u00e1 adem\u00e1s el inicio de una gira que los llevar\u00e1 por distintas ciudades de Argentina, Uruguay y Espa\u00f1a, en el marco de la celebraci\u00f3n de sus 19 a\u00f1os de trayectoria.<\/p>\n<p>Entradas<a rel=\"noopener nofollow\" href=\"https:\/\/qualityespacio.com\/shows\/toch\/\" target=\"_blank\"> AQU\u00cd<\/a><\/p>\n<figure class=\"multimedia\" data-tadevel-template=\"web\/multimedia\" data-type=\"photo\">\n<div class=\"content\">\n<div class=\"sizer\" data-sizer=\"aspect-ratio\" data-tadevel-template=\"web\/aspect-ratio\"><img alt=\"Nuevo trabajo y celebraci\u00f3n de 19 a\u00f1os de trayectoria (Foto: prensa)\" loading=\"lazy\"><\/div>\n<\/div><figcaption class=\"caption\">\n<div class=\"description\">Nuevo trabajo y celebraci\u00f3n de 19 a\u00f1os de trayectoria (Foto: prensa)<\/div>\n<\/figcaption><\/figure>\n<p>Luego del reciente lanzamiento de su esperado nuevo \u00e1lbum, la banda se prepara para su desembarco oficial en los escenarios. La fecha elegida no es casual: marzo es el mes en que TOCH celebra un nuevo aniversario desde su formaci\u00f3n en 2007, y este show promete ser un hito dentro de ese recorrido.<\/p>\n<p>Para esta ocasi\u00f3n especial, el grupo est\u00e1 trabajando en una puesta \u00fanica, con m\u00fasicos invitados que permitir\u00e1n recrear en vivo la riqueza sonora del disco con la mayor fidelidad posible.<\/p>\n<p>Titulado <i>Pulso Inicial<\/i>, el \u00e1lbum re\u00fane ocho canciones que condensan la amistad, los viajes y los v\u00ednculos cercanos, a trav\u00e9s de personajes imaginarios y letras profundas. Se trata de un trabajo breve, pero de fuerte peso conceptual, que invita a una escucha atenta.<\/p>\n<p>Uno de los grandes atractivos del disco es la destacada n\u00f3mina de artistas invitados, que funciona como un verdadero puente con la escena uruguaya actual. Participan Chan Peyrou; Nicol\u00e1s y Mart\u00edn Ibarburu (Tr\u00edo Ventana); integrantes de la murga Los Asaltantes con Patente; Agustina Garc\u00eda (4 Pesos de Propina); Ignacio Delgado y la rapera Eli Almic.<\/p>\n<p>Este nuevo trabajo tambi\u00e9n refleja la asimilaci\u00f3n del legado de referentes fundamentales de la m\u00fasica uruguaya como Eduardo Mateo, Jaime Roos y Fernando Cabrera, entre otros, y consolida a TOCH en un nuevo nivel de conexi\u00f3n con la identidad musical rioplatense.<\/p>\n<p>Pod\u00e9s escucharlo <a href=\"https:\/\/open.spotify.com\/intl-es\/album\/4js7Uk9xDXXCMNGY9yH18A?si=X2GKz6l5Qcel8_lNBDcyjg&amp;nd=1&amp;dlsi=8afa24e40334491c\" rel=\"noopener nofollow\" target=\"_blank\">AQU\u00cd<\/a><\/p>\n","protected":false},"excerpt":{"rendered":"<p>El tr\u00edo cordob\u00e9s TOCH se presentar\u00e1 el pr\u00f3ximo viernes 13 de marzo en Quality Lab para estrenar en vivo su sexto disco de estudio. El concierto, que contar\u00e1 con invitados especiales, marcar\u00e1 adem\u00e1s el inicio de una gira que los llevar\u00e1 por distintas ciudades de Argentina, Uruguay y Espa\u00f1a, en el marco de la celebraci\u00f3n [&hellip;]<\/p>\n","protected":false},"author":1,"featured_media":46009,"comment_status":"closed","ping_status":"closed","sticky":false,"template":"","format":"standard","meta":{"om_disable_all_campaigns":false,"_monsterinsights_skip_tracking":false,"_monsterinsights_sitenote_active":false,"_monsterinsights_sitenote_note":"","_monsterinsights_sitenote_category":0},"categories":[18],"tags":[],"aioseo_notices":[],"_links":{"self":[{"href":"https:\/\/economiapoliticacba.com\/index.php?rest_route=\/wp\/v2\/posts\/46008"}],"collection":[{"href":"https:\/\/economiapoliticacba.com\/index.php?rest_route=\/wp\/v2\/posts"}],"about":[{"href":"https:\/\/economiapoliticacba.com\/index.php?rest_route=\/wp\/v2\/types\/post"}],"author":[{"embeddable":true,"href":"https:\/\/economiapoliticacba.com\/index.php?rest_route=\/wp\/v2\/users\/1"}],"replies":[{"embeddable":true,"href":"https:\/\/economiapoliticacba.com\/index.php?rest_route=%2Fwp%2Fv2%2Fcomments&post=46008"}],"version-history":[{"count":0,"href":"https:\/\/economiapoliticacba.com\/index.php?rest_route=\/wp\/v2\/posts\/46008\/revisions"}],"wp:featuredmedia":[{"embeddable":true,"href":"https:\/\/economiapoliticacba.com\/index.php?rest_route=\/wp\/v2\/media\/46009"}],"wp:attachment":[{"href":"https:\/\/economiapoliticacba.com\/index.php?rest_route=%2Fwp%2Fv2%2Fmedia&parent=46008"}],"wp:term":[{"taxonomy":"category","embeddable":true,"href":"https:\/\/economiapoliticacba.com\/index.php?rest_route=%2Fwp%2Fv2%2Fcategories&post=46008"},{"taxonomy":"post_tag","embeddable":true,"href":"https:\/\/economiapoliticacba.com\/index.php?rest_route=%2Fwp%2Fv2%2Ftags&post=46008"}],"curies":[{"name":"wp","href":"https:\/\/api.w.org\/{rel}","templated":true}]}}