{"id":46003,"date":"2025-12-16T22:33:17","date_gmt":"2025-12-16T22:33:17","guid":{"rendered":"http:\/\/6941dd042128774661b4f84e"},"modified":"2025-12-16T22:33:17","modified_gmt":"2025-12-16T22:33:17","slug":"un-auto-se-incendio-en-cordoba-bomberos-sofocaron-las-llamas","status":"publish","type":"post","link":"https:\/\/economiapoliticacba.com\/?p=46003","title":{"rendered":"Un auto se incendi\u00f3 en C\u00f3rdoba: bomberos sofocaron las llamas"},"content":{"rendered":"<p><img src=\"http:\/\/economiapoliticacba.com\/wp-content\/uploads\/2025\/12\/un-auto-se-incendio-en-cordoba-bomberos-sofocaron-las-llamas.jpg\"><\/p>\n<p>Un Renault 19 se prendi\u00f3 fuego este martes en la rotonda de Rodr\u00edguez del Busto, en la ciudad de C\u00f3rdoba.<\/p>\n<figure class=\"multimedia\" data-tadevel-template=\"web\/multimedia\" data-type=\"photo\">\n<div class=\"content\">\n<div class=\"sizer\" data-sizer=\"aspect-ratio\" data-tadevel-template=\"web\/aspect-ratio\"><img alt=\"Las columnas de humo negro inundaron la rotonda de Rodr\u00edguez del Busto. \" loading=\"lazy\"><\/div>\n<\/div><figcaption class=\"caption\">\n<div class=\"description\">Las columnas de humo negro inundaron la rotonda de Rodr\u00edguez del Busto.<\/div>\n<div class=\"attribution\">Imagen: captura de video.<\/div>\n<\/figcaption><\/figure>\n<p>Algunos conductores que circulaban por la zona auxiliaron al conductor e intentaron sofocar las llamas con matafuegos.<\/p>\n<figure class=\"multimedia\" data-tadevel-template=\"web\/multimedia\" data-type=\"photo\">\n<div class=\"content\">\n<div class=\"sizer\" data-sizer=\"aspect-ratio\" data-tadevel-template=\"web\/aspect-ratio\"><img alt=\"Los bomberos lograron contener las llamas. \" loading=\"lazy\"><\/div>\n<\/div><figcaption class=\"caption\">\n<div class=\"description\">Los bomberos lograron contener las llamas.<\/div>\n<div class=\"attribution\">Imagen: captura de video.<\/div>\n<\/figcaption><\/figure>\n<p>Sin embargo la espuma blanca no contuvo las llamas que devoraron el auto a pocos metros del Hipermercado Libertad. El principal temor era que explotara el tubo de gas en la parte trasera del auto.<\/p>\n<figure class=\"multimedia\" data-tadevel-template=\"web\/multimedia\" data-type=\"photo\">\n<div class=\"content\">\n<div class=\"sizer\" data-sizer=\"aspect-ratio\" data-tadevel-template=\"web\/aspect-ratio\"><img alt=\"Las p\u00e9rdidas en el auto fueron totales.\" loading=\"lazy\"><\/div>\n<\/div><figcaption class=\"caption\">\n<div class=\"description\">Las p\u00e9rdidas en el auto fueron totales.<\/div>\n<div class=\"attribution\">Imagen: captura de video.<\/div>\n<\/figcaption><\/figure>\n<p>Minutos m\u00e1s tarde llegaron al lugar una cuadrilla de bomberos junto a un grupo de polic\u00edas para desplegar un operativo de seguridad y evitar heridos.<\/p>\n<p>Los bomberos lograron sofocar las llamas antes de las siete de la tarde pero las p\u00e9rdidas fueron totales.&nbsp;<\/p>\n<figure class=\"multimedia\" data-tadevel-template=\"web\/multimedia\" data-type=\"photo\">\n<div class=\"content\">\n<div class=\"sizer\" data-sizer=\"aspect-ratio\" data-tadevel-template=\"web\/aspect-ratio\"><img alt=\"Un auto se incendi\u00f3 en C\u00f3rdoba: bomberos sofocaron las llamas\" loading=\"lazy\"><\/div>\n<\/div><figcaption class=\"caption\">\n<div class=\"attribution\">Imagen: Fernanda Gonz\u00e1lez (SRT).<\/div>\n<\/figcaption><\/figure>\n","protected":false},"excerpt":{"rendered":"<p>Un Renault 19 se prendi\u00f3 fuego este martes en la rotonda de Rodr\u00edguez del Busto, en la ciudad de C\u00f3rdoba. Las columnas de humo negro inundaron la rotonda de Rodr\u00edguez del Busto. Imagen: captura de video. Algunos conductores que circulaban por la zona auxiliaron al conductor e intentaron sofocar las llamas con matafuegos. Los bomberos [&hellip;]<\/p>\n","protected":false},"author":1,"featured_media":46004,"comment_status":"closed","ping_status":"closed","sticky":false,"template":"","format":"standard","meta":{"om_disable_all_campaigns":false,"_monsterinsights_skip_tracking":false,"_monsterinsights_sitenote_active":false,"_monsterinsights_sitenote_note":"","_monsterinsights_sitenote_category":0},"categories":[18],"tags":[],"aioseo_notices":[],"_links":{"self":[{"href":"https:\/\/economiapoliticacba.com\/index.php?rest_route=\/wp\/v2\/posts\/46003"}],"collection":[{"href":"https:\/\/economiapoliticacba.com\/index.php?rest_route=\/wp\/v2\/posts"}],"about":[{"href":"https:\/\/economiapoliticacba.com\/index.php?rest_route=\/wp\/v2\/types\/post"}],"author":[{"embeddable":true,"href":"https:\/\/economiapoliticacba.com\/index.php?rest_route=\/wp\/v2\/users\/1"}],"replies":[{"embeddable":true,"href":"https:\/\/economiapoliticacba.com\/index.php?rest_route=%2Fwp%2Fv2%2Fcomments&post=46003"}],"version-history":[{"count":0,"href":"https:\/\/economiapoliticacba.com\/index.php?rest_route=\/wp\/v2\/posts\/46003\/revisions"}],"wp:featuredmedia":[{"embeddable":true,"href":"https:\/\/economiapoliticacba.com\/index.php?rest_route=\/wp\/v2\/media\/46004"}],"wp:attachment":[{"href":"https:\/\/economiapoliticacba.com\/index.php?rest_route=%2Fwp%2Fv2%2Fmedia&parent=46003"}],"wp:term":[{"taxonomy":"category","embeddable":true,"href":"https:\/\/economiapoliticacba.com\/index.php?rest_route=%2Fwp%2Fv2%2Fcategories&post=46003"},{"taxonomy":"post_tag","embeddable":true,"href":"https:\/\/economiapoliticacba.com\/index.php?rest_route=%2Fwp%2Fv2%2Ftags&post=46003"}],"curies":[{"name":"wp","href":"https:\/\/api.w.org\/{rel}","templated":true}]}}