{"id":45929,"date":"2025-12-15T02:54:16","date_gmt":"2025-12-15T02:54:16","guid":{"rendered":"http:\/\/693f62880fcf380e713777cf"},"modified":"2025-12-15T02:54:16","modified_gmt":"2025-12-15T02:54:16","slug":"shakira-en-cordoba-un-show-cargado-de-exitos-que-no-tuvo-el-final-esperado","status":"publish","type":"post","link":"https:\/\/economiapoliticacba.com\/?p=45929","title":{"rendered":"Shakira en C\u00f3rdoba: un show cargado de \u00e9xitos que no tuvo el final esperado"},"content":{"rendered":"<p><img src=\"http:\/\/economiapoliticacba.com\/wp-content\/uploads\/2025\/12\/shakira-en-cordoba-un-show-cargado-de-exitos-que-no-tuvo-el-final-esperado.jpg\"><\/p>\n<p>Un mes atr\u00e1s, la productora Universo sorprend\u00eda con un anuncio que cautiv\u00f3 a m\u00e1s de uno: Shakira se iba a presentar en C\u00f3rdoba, el domingo 14 de diciembre. Y nada m\u00e1s y nada menos que en el estadio Mario Alberto Kempes.<\/p>\n<p>La artista colombiana, de larga trayectoria cargada de \u00e9xitos, se presentaba el 8, 9 y 11 en Buenos Aires. El anuncio de un show en C\u00f3rdoba fue un caricia para aquellos que viven en el interior del pa\u00eds, y un hito para la industria del espect\u00e1culo en nuestra provincia.<\/p>\n<figure class=\"multimedia\" data-tadevel-template=\"web\/multimedia\" data-type=\"video\"><figcaption class=\"caption\">\n<div class=\"description\">X de FENIX ENTERTAINMENT<\/div>\n<\/figcaption><\/figure>\n<p>Las entradas volaron y se anunci\u00f3 un segundo show para el d\u00eda siguiente. Quedaba esperar el d\u00eda, que lleg\u00f3, y las afueras del Kempes se llenaron de fans que no ve\u00edan la hora de que el show comenzara.<\/p>\n<p>Tras una semana de altas temperaturas, la noche del s\u00e1bado trajo lluvias y, con ello, el miedo respecto a una posible suspensi\u00f3n del show. <a href=\"https:\/\/www.cba24n.com.ar\/cordoba\/tormentas--rige-alerta-naranja-y-amarilla-para-cordoba-y-parte-del-centro-del-pais_a693df64a0aa5c166646e0ad6\">Hab\u00eda alerta amarilla y naranja para C\u00f3rdoba<\/a>, pero la productora hab\u00eda sido clara: &#8220;no se suspende&#8221;.&nbsp;<\/p>\n<p>Y as\u00ed, en una noche con 15 grados, Shakira sali\u00f3 al escenario para subir la temperatura de las miles de personas presentes. Sin embargo, las fuertes lluvias generaron un final inesperado.<\/p>\n<figure class=\"multimedia\" data-tadevel-template=\"web\/multimedia\" data-type=\"photo\">\n<div class=\"content\">\n<div class=\"sizer\" data-sizer=\"aspect-ratio\" data-tadevel-template=\"web\/aspect-ratio\"><img alt=\"Shakira en C\u00f3rdoba: un show cargado de \u00e9xitos que no tuvo el final esperado\" loading=\"lazy\"><\/div>\n<\/div><figcaption class=\"caption\">\n<div class=\"attribution\">Imagen: Flavio Catania (SRT).<\/div>\n<\/figcaption><\/figure>\n<p>La artista oriunda de Barranquilla sali\u00f3 a las 21.40 con su ic\u00f3nica \u201ccaminata de la loba\u201d, entre la gente, acompa\u00f1ada de un selecto grupo de fans e influencers, ante el imponente vitoreo del p\u00fablico. La primera canci\u00f3n fue \u201cLa fuerte\u201d, publicada en 2024.<\/p>\n<p>La \u00faltima visita de Shakira a nuestra ciudad hab\u00eda sido 14 a\u00f1os atr\u00e1s. Este regreso estaba enmarcado en el \u201cLas Mujeres Ya No Lloran World Tour\u201d. &#8220;Me hace muy muy feliz saber que vamos a cerrar la gira aqu\u00ed en C\u00f3rdoba. Esta noche somos uno&#8221;, celebr\u00f3 la artista.<\/p>\n<figure class=\"multimedia\" data-tadevel-template=\"web\/multimedia\" data-type=\"photo\">\n<div class=\"content\">\n<div class=\"sizer\" data-sizer=\"aspect-ratio\" data-tadevel-template=\"web\/aspect-ratio\"><img alt=\"Shakira en C\u00f3rdoba: un show cargado de \u00e9xitos que no tuvo el final esperado\" loading=\"lazy\"><\/div>\n<\/div><figcaption class=\"caption\">\n<div class=\"attribution\">Imagen: Flavio Catania (SRT).<\/div>\n<\/figcaption><\/figure>\n<p>Al principio, la lluvia no impidi\u00f3 que la gente disfrutara del espect\u00e1culo que incluy\u00f3 grandes \u00e9xitos como \u201cEstoy aqu\u00ed\u201d (1995), \u201cOjos as\u00ed\u201d (1998), \u201cLas de la intuici\u00f3n\u201d (2005), \u201cTQG\u201d (2023) y &nbsp;\u201cMonoton\u00eda\u201d (2024).<\/p>\n<p>Pero poco a poco la intensidad de las precipitaciones fue aumentando y, finalmente, mientras tocaba \u201cPies descalzos\u201d (1995), Shakira tuvo que abandonar el escenario. Ante la sorpresa de los presentes, un cartel rojo en las pantallas inform\u00f3 la suspensi\u00f3n del show.<\/p>\n<figure class=\"multimedia\" data-tadevel-template=\"web\/multimedia\" data-type=\"photo\">\n<div class=\"content\">\n<div class=\"sizer\" data-sizer=\"aspect-ratio\" data-tadevel-template=\"web\/aspect-ratio\"><img alt=\"Shakira en C\u00f3rdoba: un show cargado de \u00e9xitos que no tuvo el final esperado\" loading=\"lazy\"><\/div>\n<\/div><figcaption class=\"caption\">\n<div class=\"attribution\">Imagen: Flavio Catania (SRT).<\/div>\n<\/figcaption><\/figure>\n<p>\u201cEsta decisi\u00f3n se toma con el fin de proteger la seguridad y bienestar de todos los asistentes\u201d, comunic\u00f3 la productora. La decepci\u00f3n no fue menor y, quienes hab\u00edan prestado atenci\u00f3n a los shows de Buenos Aires, lamentaron no poder escuchar \u201cAntolog\u00eda\u201d o &#8220;Suerte&#8221;.<\/p>\n<p>Este lunes 15 de diciembre, tambi\u00e9n desde las 21, el p\u00fablico tendr\u00e1 revancha. Y Shakira tambi\u00e9n, porque el show con el que cerrar\u00e1 una de las giras m\u00e1s importantes de su carrera merece llegar hasta el final.<\/p>\n","protected":false},"excerpt":{"rendered":"<p>Un mes atr\u00e1s, la productora Universo sorprend\u00eda con un anuncio que cautiv\u00f3 a m\u00e1s de uno: Shakira se iba a presentar en C\u00f3rdoba, el domingo 14 de diciembre. Y nada m\u00e1s y nada menos que en el estadio Mario Alberto Kempes. La artista colombiana, de larga trayectoria cargada de \u00e9xitos, se presentaba el 8, 9 [&hellip;]<\/p>\n","protected":false},"author":1,"featured_media":45930,"comment_status":"closed","ping_status":"closed","sticky":false,"template":"","format":"standard","meta":{"om_disable_all_campaigns":false,"_monsterinsights_skip_tracking":false,"_monsterinsights_sitenote_active":false,"_monsterinsights_sitenote_note":"","_monsterinsights_sitenote_category":0},"categories":[18],"tags":[],"aioseo_notices":[],"_links":{"self":[{"href":"https:\/\/economiapoliticacba.com\/index.php?rest_route=\/wp\/v2\/posts\/45929"}],"collection":[{"href":"https:\/\/economiapoliticacba.com\/index.php?rest_route=\/wp\/v2\/posts"}],"about":[{"href":"https:\/\/economiapoliticacba.com\/index.php?rest_route=\/wp\/v2\/types\/post"}],"author":[{"embeddable":true,"href":"https:\/\/economiapoliticacba.com\/index.php?rest_route=\/wp\/v2\/users\/1"}],"replies":[{"embeddable":true,"href":"https:\/\/economiapoliticacba.com\/index.php?rest_route=%2Fwp%2Fv2%2Fcomments&post=45929"}],"version-history":[{"count":0,"href":"https:\/\/economiapoliticacba.com\/index.php?rest_route=\/wp\/v2\/posts\/45929\/revisions"}],"wp:featuredmedia":[{"embeddable":true,"href":"https:\/\/economiapoliticacba.com\/index.php?rest_route=\/wp\/v2\/media\/45930"}],"wp:attachment":[{"href":"https:\/\/economiapoliticacba.com\/index.php?rest_route=%2Fwp%2Fv2%2Fmedia&parent=45929"}],"wp:term":[{"taxonomy":"category","embeddable":true,"href":"https:\/\/economiapoliticacba.com\/index.php?rest_route=%2Fwp%2Fv2%2Fcategories&post=45929"},{"taxonomy":"post_tag","embeddable":true,"href":"https:\/\/economiapoliticacba.com\/index.php?rest_route=%2Fwp%2Fv2%2Ftags&post=45929"}],"curies":[{"name":"wp","href":"https:\/\/api.w.org\/{rel}","templated":true}]}}