{"id":45899,"date":"2025-12-13T23:30:57","date_gmt":"2025-12-13T23:30:57","guid":{"rendered":"http:\/\/693df64a0aa5c166646e0ad6"},"modified":"2025-12-13T23:30:57","modified_gmt":"2025-12-13T23:30:57","slug":"tormentas-rige-alerta-naranja-y-amarilla-para-cordoba-y-parte-del-centro-del-pais","status":"publish","type":"post","link":"https:\/\/economiapoliticacba.com\/?p=45899","title":{"rendered":"Tormentas: rige alerta naranja y amarilla para C\u00f3rdoba y parte del centro del pa\u00eds"},"content":{"rendered":"<p><img src=\"http:\/\/economiapoliticacba.com\/wp-content\/uploads\/2025\/12\/tormentas-rige-alerta-naranja-y-amarilla-para-cordoba-y-parte-del-centro-del-pais.jpg\"><\/p>\n<p>Una nueva alerta meteorol\u00f3gica fue emitida en la tarde de este s\u00e1bado para gran parte del centro de la Argentina y la casi totalidad del territorio de la provincia de C\u00f3rdoba.<\/p>\n<p>Se espera el desarrollo de tormentas de variada intensidad en las provincias de C\u00f3rdoba, Santiago del Estero, Tucum\u00e1n, San Luis, Santa Fe, Buenos Aires y La Rioja.<\/p>\n<figure class=\"multimedia\" data-tadevel-template=\"web\/multimedia\" data-type=\"photo\">\n<div class=\"content\">\n<div class=\"sizer\" data-sizer=\"aspect-ratio\" data-tadevel-template=\"web\/aspect-ratio\"><img alt=\"Fuente: SMN.\" loading=\"lazy\"><\/div>\n<\/div><figcaption class=\"caption\">\n<div class=\"description\">Fuente: SMN.<\/div>\n<\/figcaption><\/figure>\n<p>Especialmente para los departamentos del norte de provincia de C\u00f3rdoba la advertencia pasa del amarillo al naranja: <i>&#8220;<strong>Preparate<\/strong>: se esperan fen\u00f3menos meteorol\u00f3gicos peligrosos para la sociedad, la vida, los bienes y el medio ambiente&#8221;<\/i>.<\/p>\n<p class=\"aside\">No se descarta la ca\u00edda de granizo en algunos puntos del territorio provincial<\/p>\n<figure class=\"multimedia\" data-html data-tadevel-template=\"web\/multimedia\" data-type=\"rich\" data-url=\"https:\/\/twitter.com\/SMN_Cordoba\/status\/1999963909932106102\"><figcaption class=\"caption\">\n<div class=\"description\">X de Observatorio C\u00f3rdoba<\/div>\n<\/figcaption><\/figure>\n<p>Este s\u00e1bado la temperatura m\u00e1xima lleg\u00f3, en el \u00e1mbito de la ciudad de C\u00f3rdoba, a los 37.4\u00baC.<\/p>\n<p>Para este domingo, con las alertas vigentes, se espera un marcado descenso tanto de la temperatura m\u00ednima (15\u00b0C) como de la m\u00e1xima (25\u00b0).<\/p>\n<h4>Pron\u00f3stico extendido<\/h4>\n<figure class=\"multimedia\" data-tadevel-template=\"web\/multimedia\" data-type=\"photo\">\n<div class=\"content\">\n<div class=\"sizer\" data-sizer=\"aspect-ratio\" data-tadevel-template=\"web\/aspect-ratio\"><img alt=\"Fuente: SMN.\" loading=\"lazy\"><\/div>\n<\/div><figcaption class=\"caption\">\n<div class=\"description\">Fuente: SMN.<\/div>\n<\/figcaption><\/figure>\n","protected":false},"excerpt":{"rendered":"<p>Una nueva alerta meteorol\u00f3gica fue emitida en la tarde de este s\u00e1bado para gran parte del centro de la Argentina y la casi totalidad del territorio de la provincia de C\u00f3rdoba. Se espera el desarrollo de tormentas de variada intensidad en las provincias de C\u00f3rdoba, Santiago del Estero, Tucum\u00e1n, San Luis, Santa Fe, Buenos Aires [&hellip;]<\/p>\n","protected":false},"author":1,"featured_media":45900,"comment_status":"closed","ping_status":"closed","sticky":false,"template":"","format":"standard","meta":{"om_disable_all_campaigns":false,"_monsterinsights_skip_tracking":false,"_monsterinsights_sitenote_active":false,"_monsterinsights_sitenote_note":"","_monsterinsights_sitenote_category":0},"categories":[18],"tags":[],"aioseo_notices":[],"_links":{"self":[{"href":"https:\/\/economiapoliticacba.com\/index.php?rest_route=\/wp\/v2\/posts\/45899"}],"collection":[{"href":"https:\/\/economiapoliticacba.com\/index.php?rest_route=\/wp\/v2\/posts"}],"about":[{"href":"https:\/\/economiapoliticacba.com\/index.php?rest_route=\/wp\/v2\/types\/post"}],"author":[{"embeddable":true,"href":"https:\/\/economiapoliticacba.com\/index.php?rest_route=\/wp\/v2\/users\/1"}],"replies":[{"embeddable":true,"href":"https:\/\/economiapoliticacba.com\/index.php?rest_route=%2Fwp%2Fv2%2Fcomments&post=45899"}],"version-history":[{"count":0,"href":"https:\/\/economiapoliticacba.com\/index.php?rest_route=\/wp\/v2\/posts\/45899\/revisions"}],"wp:featuredmedia":[{"embeddable":true,"href":"https:\/\/economiapoliticacba.com\/index.php?rest_route=\/wp\/v2\/media\/45900"}],"wp:attachment":[{"href":"https:\/\/economiapoliticacba.com\/index.php?rest_route=%2Fwp%2Fv2%2Fmedia&parent=45899"}],"wp:term":[{"taxonomy":"category","embeddable":true,"href":"https:\/\/economiapoliticacba.com\/index.php?rest_route=%2Fwp%2Fv2%2Fcategories&post=45899"},{"taxonomy":"post_tag","embeddable":true,"href":"https:\/\/economiapoliticacba.com\/index.php?rest_route=%2Fwp%2Fv2%2Ftags&post=45899"}],"curies":[{"name":"wp","href":"https:\/\/api.w.org\/{rel}","templated":true}]}}