{"id":45865,"date":"2025-12-13T02:17:59","date_gmt":"2025-12-13T02:17:59","guid":{"rendered":"http:\/\/693a83fc0aa5c166642cedbd"},"modified":"2025-12-13T02:17:59","modified_gmt":"2025-12-13T02:17:59","slug":"susana-curto-y-amigos-programa-radial-en-vivo-este-domingo-a-las-19-en-la-sala-carlos-gimenez","status":"publish","type":"post","link":"https:\/\/economiapoliticacba.com\/?p=45865","title":{"rendered":"Susana Curto y amigos: programa radial en vivo este domingo a las 19 en la Sala Carlos Gim\u00e9nez"},"content":{"rendered":"<p><img src=\"http:\/\/economiapoliticacba.com\/wp-content\/uploads\/2025\/12\/susana-curto-y-amigos-programa-radial-en-vivo-este-domingo-a-las-19-en-la-sala-carlos-gimenez.jpg\"><\/p>\n<p><strong>\u201cSusana Curto y amigos\u201d llega al Teatro Real con un encuentro en vivo<\/strong><\/p>\n<p>Este domingo a las 19, en la amplitud y el confort de la Sala Carlos Gim\u00e9nez del Teatro Real, el programa radial <strong>\u201cSusana Curto y amigos\u201d<\/strong> ofrecer\u00e1 una edici\u00f3n especial con p\u00fablico presente. La conductora, acompa\u00f1ada por el locutor <strong>Fabi\u00e1n Burzio<\/strong>, se reunir\u00e1 con oyentes y amistades para celebrar el encuentro y compartir una tarde de radio en vivo.<\/p>\n<figure class=\"multimedia\" data-tadevel-template=\"web\/multimedia\" data-type=\"photo\">\n<div class=\"content\">\n<div class=\"sizer\" data-sizer=\"aspect-ratio\" data-tadevel-template=\"web\/aspect-ratio\"><img alt=\"Amadeo Sabattini, columnista (Foto: captura)\" loading=\"lazy\"><\/div>\n<\/div><figcaption class=\"caption\">\n<div class=\"description\">Amadeo Sabattini, columnista (Foto: captura)<\/div>\n<\/figcaption><\/figure>\n<p>Participar\u00e1n los columnistas habituales del programa:<\/p>\n<ul>\n<li>Karina Fraccarolli, con sus relatos y su particular manera de acercar la literatura.<\/li>\n<li>Amadeo Sabattini, con su mirada aguda sobre temas cotidianos y una sorpresa especial para el p\u00fablico.<\/li>\n<\/ul>\n<figure class=\"multimedia\" data-tadevel-template=\"web\/multimedia\" data-type=\"photo\">\n<div class=\"content\">\n<div class=\"sizer\" data-sizer=\"aspect-ratio\" data-tadevel-template=\"web\/aspect-ratio\"><img alt=\"Karina Fraccarolli, libros, palabras y mucho m\u00e1s (Foto: propia)\" loading=\"lazy\"><\/div>\n<\/div><figcaption class=\"caption\">\n<div class=\"description\">Karina Fraccarolli, libros, palabras y mucho m\u00e1s (Foto: propia)<\/div>\n<\/figcaption><\/figure>\n<p><strong>Invitadas especiales:<\/strong><\/p>\n<p><strong>Cecilia Lorenzo<\/strong>, conductora de <strong>\u201cPalabras Mayores\u201d<\/strong>, y <strong>Coqui Dutto<\/strong>, creadora de <strong>\u201cMe extra\u00f1a ara\u00f1a\u201d<\/strong>. Juntas, estas tres emisiones conforman un conjunto program\u00e1tico de contenidos propios, producido y conducido \u00edntegramente por mujeres locales, que aborda todas las etapas de la vida.<\/p>\n<figure class=\"multimedia\" data-tadevel-template=\"web\/multimedia\" data-type=\"photo\">\n<div class=\"content\">\n<div class=\"sizer\" data-sizer=\"aspect-ratio\" data-tadevel-template=\"web\/aspect-ratio\"><img alt=\"Coqui Dutto, conductora de \u201cMe extra\u00f1a ara\u00f1a\u201d invitada especial (Foto: redes)\" loading=\"lazy\"><\/div>\n<\/div><figcaption class=\"caption\">\n<div class=\"description\">Coqui Dutto, conductora de \u201cMe extra\u00f1a ara\u00f1a\u201d invitada especial (Foto: redes)<\/div>\n<\/figcaption><\/figure>\n<p>Entre los entrevistados destacados se encuentran:<\/p>\n<ul>\n<li>Tempo Urbano, j\u00f3venes m\u00fasicos locales.<\/li>\n<li>Andrea y Mario, emblem\u00e1tica pareja tanguera de la ciudad.<\/li>\n<li>Soledad Escudero, cantante de m\u00fasica nacional y latinoamericana.<\/li>\n<li>Ale Orlando, reconocido comediante cordob\u00e9s.<\/li>\n<\/ul>\n<figure class=\"multimedia\" data-tadevel-template=\"web\/multimedia\" data-type=\"photo\">\n<div class=\"content\">\n<div class=\"sizer\" data-sizer=\"aspect-ratio\" data-tadevel-template=\"web\/aspect-ratio\"><img alt=\"Cecilia Lorenzo, conductora de \u201cPalabras mayores\u201d, invitada especial (Foto: redes)\" loading=\"lazy\"><\/div>\n<\/div><figcaption class=\"caption\">\n<div class=\"description\">Cecilia Lorenzo, conductora de \u201cPalabras mayores\u201d, invitada especial (Foto: redes)<\/div>\n<\/figcaption><\/figure>\n<p>De manera virtual participar\u00e1 el <strong>maestro Guillermo Becerra<\/strong>, encargado de la curadur\u00eda de m\u00fasica cl\u00e1sica tradicional en el programa. Adem\u00e1s, se realizar\u00e1 un <strong>breve y sentido homenaje a Nina Diehl<\/strong>, eminente m\u00fasica cordobesa fallecida este a\u00f1o.<\/p>\n<figure class=\"multimedia\" data-tadevel-template=\"web\/multimedia\" data-type=\"photo\">\n<div class=\"content\">\n<div class=\"sizer\" data-sizer=\"aspect-ratio\" data-tadevel-template=\"web\/aspect-ratio\"><img alt=\"Nina Diehl ser\u00e1 homenajeada (Foto: redes)\" loading=\"lazy\"><\/div>\n<\/div><figcaption class=\"caption\">\n<div class=\"description\">Nina Diehl ser\u00e1 homenajeada (Foto: redes)<\/div>\n<\/figcaption><\/figure>\n<p>La jornada incluir\u00e1 sorpresas, regalos y un clima festivo, amistoso y navide\u00f1o para celebrar la comunidad construida a lo largo de tantos a\u00f1os. Se sortear\u00e1n estad\u00edas en Posada San Andr\u00e9s de La Cumbre &nbsp;y en Hoster\u00eda La Porte\u00f1a, Villa La Serranita, libros y m\u00e1s.<\/p>\n<figure class=\"multimedia\" data-tadevel-template=\"web\/multimedia\" data-type=\"photo\">\n<div class=\"content\">\n<div class=\"sizer\" data-sizer=\"aspect-ratio\" data-tadevel-template=\"web\/aspect-ratio\"><img alt=\"Fabi\u00e1n Burzio, locutor, acompa\u00f1ar\u00e1 la conducci\u00f3n del programa (Foto: redes)\" loading=\"lazy\"><\/div>\n<\/div><figcaption class=\"caption\">\n<div class=\"description\">Fabi\u00e1n Burzio, locutor, acompa\u00f1ar\u00e1 la conducci\u00f3n del programa (Foto: redes)<\/div>\n<\/figcaption><\/figure>\n<p>El encuentro es producido de manera <strong>personal y autogestiva por Susana Curto<\/strong>, de 71 a\u00f1os, actualmente la conductora m\u00e1s longeva de las radios AM de C\u00f3rdoba, con programas propios los s\u00e1bados de 11 a 14 y los domingos de 19 a 21, emitidos por las radios de SRT Media. Esta producci\u00f3n cuenta con el <strong>apoyo institucional de SRT Media<\/strong>.<\/p>\n<figure class=\"multimedia\" data-tadevel-template=\"web\/multimedia\" data-type=\"photo\">\n<div class=\"content\">\n<div class=\"sizer\" data-sizer=\"aspect-ratio\" data-tadevel-template=\"web\/aspect-ratio\"><img alt=\"Soledad Escudero, Marcelo Elmo y Jos\u00e9 Estevan (Foto: propia)\" loading=\"lazy\"><\/div>\n<\/div><figcaption class=\"caption\">\n<div class=\"description\">Soledad Escudero, Marcelo Elmo y Jos\u00e9 Estevan (Foto: propia)<\/div>\n<\/figcaption><\/figure>\n<p>La entrada es <strong>libre y gratuita<\/strong>, y no es necesario retirar ubicaciones con anticipaci\u00f3n.<\/p>\n<figure class=\"multimedia\" data-tadevel-template=\"web\/multimedia\" data-type=\"photo\">\n<div class=\"content\">\n<div class=\"sizer\" data-sizer=\"aspect-ratio\" data-tadevel-template=\"web\/aspect-ratio\"><img alt=\"Ale Orlando, entrevistado especial (Foto: propia)\" loading=\"lazy\"><\/div>\n<\/div><figcaption class=\"caption\">\n<div class=\"description\">Ale Orlando, entrevistado especial (Foto: propia)<\/div>\n<\/figcaption><\/figure>\n","protected":false},"excerpt":{"rendered":"<p>\u201cSusana Curto y amigos\u201d llega al Teatro Real con un encuentro en vivo Este domingo a las 19, en la amplitud y el confort de la Sala Carlos Gim\u00e9nez del Teatro Real, el programa radial \u201cSusana Curto y amigos\u201d ofrecer\u00e1 una edici\u00f3n especial con p\u00fablico presente. La conductora, acompa\u00f1ada por el locutor Fabi\u00e1n Burzio, se [&hellip;]<\/p>\n","protected":false},"author":1,"featured_media":45866,"comment_status":"closed","ping_status":"closed","sticky":false,"template":"","format":"standard","meta":{"om_disable_all_campaigns":false,"_monsterinsights_skip_tracking":false,"_monsterinsights_sitenote_active":false,"_monsterinsights_sitenote_note":"","_monsterinsights_sitenote_category":0},"categories":[18],"tags":[],"aioseo_notices":[],"_links":{"self":[{"href":"https:\/\/economiapoliticacba.com\/index.php?rest_route=\/wp\/v2\/posts\/45865"}],"collection":[{"href":"https:\/\/economiapoliticacba.com\/index.php?rest_route=\/wp\/v2\/posts"}],"about":[{"href":"https:\/\/economiapoliticacba.com\/index.php?rest_route=\/wp\/v2\/types\/post"}],"author":[{"embeddable":true,"href":"https:\/\/economiapoliticacba.com\/index.php?rest_route=\/wp\/v2\/users\/1"}],"replies":[{"embeddable":true,"href":"https:\/\/economiapoliticacba.com\/index.php?rest_route=%2Fwp%2Fv2%2Fcomments&post=45865"}],"version-history":[{"count":0,"href":"https:\/\/economiapoliticacba.com\/index.php?rest_route=\/wp\/v2\/posts\/45865\/revisions"}],"wp:featuredmedia":[{"embeddable":true,"href":"https:\/\/economiapoliticacba.com\/index.php?rest_route=\/wp\/v2\/media\/45866"}],"wp:attachment":[{"href":"https:\/\/economiapoliticacba.com\/index.php?rest_route=%2Fwp%2Fv2%2Fmedia&parent=45865"}],"wp:term":[{"taxonomy":"category","embeddable":true,"href":"https:\/\/economiapoliticacba.com\/index.php?rest_route=%2Fwp%2Fv2%2Fcategories&post=45865"},{"taxonomy":"post_tag","embeddable":true,"href":"https:\/\/economiapoliticacba.com\/index.php?rest_route=%2Fwp%2Fv2%2Ftags&post=45865"}],"curies":[{"name":"wp","href":"https:\/\/api.w.org\/{rel}","templated":true}]}}