{"id":45830,"date":"2025-12-12T01:42:55","date_gmt":"2025-12-12T01:42:55","guid":{"rendered":"http:\/\/693b70dc0aa5c1666435dea0"},"modified":"2025-12-12T01:42:55","modified_gmt":"2025-12-12T01:42:55","slug":"el-auto-mas-rapido-del-mundo-llego-a-cordoba","status":"publish","type":"post","link":"https:\/\/economiapoliticacba.com\/?p=45830","title":{"rendered":"El auto m\u00e1s r\u00e1pido del mundo lleg\u00f3 a C\u00f3rdoba"},"content":{"rendered":"<p><img src=\"http:\/\/economiapoliticacba.com\/wp-content\/uploads\/2025\/12\/el-auto-mas-rapido-del-mundo-llego-a-cordoba.jpg\"><\/p>\n<p>La apertura del nuevo concesionario BYD Villa Cabrera, ubicado en Monse\u00f1or Pablo Cabrera 1835, sum\u00f3 un atractivo inesperado para la jornada: la exhibici\u00f3n del Yangwang U9 Xtreme, el veh\u00edculo el\u00e9ctrico que actualmente encabeza el ranking mundial de velocidad con un registro de 496,22 km\/h.<\/p>\n<figure class=\"multimedia\" data-tadevel-template=\"web\/multimedia\" data-type=\"photo\">\n<div class=\"content\">\n<div class=\"sizer\" data-sizer=\"aspect-ratio\" data-tadevel-template=\"web\/aspect-ratio\"><img alt=\"El auto m\u00e1s r\u00e1pido del mundo lleg\u00f3 a C\u00f3rdoba\" loading=\"lazy\"><\/div>\n<\/div>\n<\/figure>\n<figure class=\"multimedia\" data-tadevel-template=\"web\/multimedia\" data-type=\"photo\">\n<div class=\"content\">\n<div class=\"sizer\" data-sizer=\"aspect-ratio\" data-tadevel-template=\"web\/aspect-ratio\"><img alt=\"El auto m\u00e1s r\u00e1pido del mundo lleg\u00f3 a C\u00f3rdoba\" loading=\"lazy\"><\/div>\n<\/div>\n<\/figure>\n<p>El modelo, que pertenece a la divisi\u00f3n de alta performance de BYD, utiliz\u00f3 su estad\u00eda en C\u00f3rdoba como parte de la presentaci\u00f3n institucional del espacio comercial. Su presencia llam\u00f3 la atenci\u00f3n no solo de los invitados y especialistas del sector automotor, sino tambi\u00e9n de quienes transitaban por la zona.<\/p>\n<figure class=\"multimedia\" data-tadevel-template=\"web\/multimedia\" data-type=\"photo\">\n<div class=\"content\">\n<div class=\"sizer\" data-sizer=\"aspect-ratio\" data-tadevel-template=\"web\/aspect-ratio\"><img alt=\"El auto m\u00e1s r\u00e1pido del mundo lleg\u00f3 a C\u00f3rdoba\" loading=\"lazy\"><\/div>\n<\/div>\n<\/figure>\n<figure class=\"multimedia\" data-tadevel-template=\"web\/multimedia\" data-type=\"photo\">\n<div class=\"content\">\n<div class=\"sizer\" data-sizer=\"aspect-ratio\" data-tadevel-template=\"web\/aspect-ratio\"><img alt=\"El auto m\u00e1s r\u00e1pido del mundo lleg\u00f3 a C\u00f3rdoba\" loading=\"lazy\"><\/div>\n<\/div>\n<\/figure>\n<p>El U9 Xtreme est\u00e1 equipado con cuatro motores el\u00e9ctricos capaces de entregar una potencia que supera los 3.000 caballos y giran a 30.000 rpm. La arquitectura del veh\u00edculo incluye una carrocer\u00eda construida casi \u00edntegramente en fibra de carbono y un sistema de suspensi\u00f3n avanzada \u2014denominado Disus-X\u2014 que realiza ajustes independientes en cada rueda para reducir movimientos bruscos en aceleraciones, frenadas y curvas. Esta tecnolog\u00eda, adem\u00e1s, permite que el auto ejecute maniobras de elevaci\u00f3n y desplazamiento vertical, lo que gener\u00f3 sorpresa en el p\u00fablico al observarlo \u201csaltar\u201d y acompa\u00f1ar ritmos musicales durante la demostraci\u00f3n.<\/p>\n<figure class=\"multimedia\" data-tadevel-template=\"web\/multimedia\" data-type=\"photo\">\n<div class=\"content\">\n<div class=\"sizer\" data-sizer=\"aspect-ratio\" data-tadevel-template=\"web\/aspect-ratio\"><img alt=\"El auto m\u00e1s r\u00e1pido del mundo lleg\u00f3 a C\u00f3rdoba\" loading=\"lazy\"><\/div>\n<\/div>\n<\/figure>\n<figure class=\"multimedia\" data-tadevel-template=\"web\/multimedia\" data-type=\"photo\">\n<div class=\"content\">\n<div class=\"sizer\" data-sizer=\"aspect-ratio\" data-tadevel-template=\"web\/aspect-ratio\"><img alt=\"El auto m\u00e1s r\u00e1pido del mundo lleg\u00f3 a C\u00f3rdoba\" loading=\"lazy\"><\/div>\n<\/div>\n<\/figure>\n<p>El Yangwang U9 Xtreme forma parte de la estrategia global de BYD para posicionarse en los segmentos de mayor tecnolog\u00eda dentro de la movilidad el\u00e9ctrica. La marca, que avanza en el mercado argentino con modelos h\u00edbridos y 100% el\u00e9ctricos, utiliz\u00f3 la inauguraci\u00f3n del concesionario cordob\u00e9s para mostrar uno de sus desarrollos m\u00e1s avanzados, aunque sin fines comerciales directos en el pa\u00eds.<\/p>\n<figure class=\"multimedia\" data-tadevel-template=\"web\/multimedia\" data-type=\"photo\">\n<div class=\"content\">\n<div class=\"sizer\" data-sizer=\"aspect-ratio\" data-tadevel-template=\"web\/aspect-ratio\"><img alt=\"El auto m\u00e1s r\u00e1pido del mundo lleg\u00f3 a C\u00f3rdoba\" loading=\"lazy\"><\/div>\n<\/div>\n<\/figure>\n<figure class=\"multimedia\" data-tadevel-template=\"web\/multimedia\" data-type=\"photo\">\n<div class=\"content\">\n<div class=\"sizer\" data-sizer=\"aspect-ratio\" data-tadevel-template=\"web\/aspect-ratio\"><img alt=\"El auto m\u00e1s r\u00e1pido del mundo lleg\u00f3 a C\u00f3rdoba\" loading=\"lazy\"><\/div>\n<\/div>\n<\/figure>\n<figure class=\"multimedia\" data-tadevel-template=\"web\/multimedia\" data-type=\"photo\">\n<div class=\"content\">\n<div class=\"sizer\" data-sizer=\"aspect-ratio\" data-tadevel-template=\"web\/aspect-ratio\"><img alt=\"El auto m\u00e1s r\u00e1pido del mundo lleg\u00f3 a C\u00f3rdoba\" loading=\"lazy\"><\/div>\n<\/div>\n<\/figure>\n<figure class=\"multimedia\" data-tadevel-template=\"web\/multimedia\" data-type=\"photo\">\n<div class=\"content\">\n<div class=\"sizer\" data-sizer=\"aspect-ratio\" data-tadevel-template=\"web\/aspect-ratio\"><img alt=\"El auto m\u00e1s r\u00e1pido del mundo lleg\u00f3 a C\u00f3rdoba\" loading=\"lazy\"><\/div>\n<\/div>\n<\/figure>\n<figure class=\"multimedia\" data-tadevel-template=\"web\/multimedia\" data-type=\"photo\">\n<div class=\"content\">\n<div class=\"sizer\" data-sizer=\"aspect-ratio\" data-tadevel-template=\"web\/aspect-ratio\"><img alt=\"El auto m\u00e1s r\u00e1pido del mundo lleg\u00f3 a C\u00f3rdoba\" loading=\"lazy\"><\/div>\n<\/div>\n<\/figure>\n","protected":false},"excerpt":{"rendered":"<p>La apertura del nuevo concesionario BYD Villa Cabrera, ubicado en Monse\u00f1or Pablo Cabrera 1835, sum\u00f3 un atractivo inesperado para la jornada: la exhibici\u00f3n del Yangwang U9 Xtreme, el veh\u00edculo el\u00e9ctrico que actualmente encabeza el ranking mundial de velocidad con un registro de 496,22 km\/h. El modelo, que pertenece a la divisi\u00f3n de alta performance de [&hellip;]<\/p>\n","protected":false},"author":1,"featured_media":45831,"comment_status":"closed","ping_status":"closed","sticky":false,"template":"","format":"standard","meta":{"om_disable_all_campaigns":false,"_monsterinsights_skip_tracking":false,"_monsterinsights_sitenote_active":false,"_monsterinsights_sitenote_note":"","_monsterinsights_sitenote_category":0},"categories":[18],"tags":[],"aioseo_notices":[],"_links":{"self":[{"href":"https:\/\/economiapoliticacba.com\/index.php?rest_route=\/wp\/v2\/posts\/45830"}],"collection":[{"href":"https:\/\/economiapoliticacba.com\/index.php?rest_route=\/wp\/v2\/posts"}],"about":[{"href":"https:\/\/economiapoliticacba.com\/index.php?rest_route=\/wp\/v2\/types\/post"}],"author":[{"embeddable":true,"href":"https:\/\/economiapoliticacba.com\/index.php?rest_route=\/wp\/v2\/users\/1"}],"replies":[{"embeddable":true,"href":"https:\/\/economiapoliticacba.com\/index.php?rest_route=%2Fwp%2Fv2%2Fcomments&post=45830"}],"version-history":[{"count":0,"href":"https:\/\/economiapoliticacba.com\/index.php?rest_route=\/wp\/v2\/posts\/45830\/revisions"}],"wp:featuredmedia":[{"embeddable":true,"href":"https:\/\/economiapoliticacba.com\/index.php?rest_route=\/wp\/v2\/media\/45831"}],"wp:attachment":[{"href":"https:\/\/economiapoliticacba.com\/index.php?rest_route=%2Fwp%2Fv2%2Fmedia&parent=45830"}],"wp:term":[{"taxonomy":"category","embeddable":true,"href":"https:\/\/economiapoliticacba.com\/index.php?rest_route=%2Fwp%2Fv2%2Fcategories&post=45830"},{"taxonomy":"post_tag","embeddable":true,"href":"https:\/\/economiapoliticacba.com\/index.php?rest_route=%2Fwp%2Fv2%2Ftags&post=45830"}],"curies":[{"name":"wp","href":"https:\/\/api.w.org\/{rel}","templated":true}]}}