{"id":45804,"date":"2025-12-11T01:47:28","date_gmt":"2025-12-11T01:47:28","guid":{"rendered":"http:\/\/693a20ca0aa5c16664295d63"},"modified":"2025-12-11T01:47:28","modified_gmt":"2025-12-11T01:47:28","slug":"las-sorpresivas-declaraciones-de-erviti-contra-belgrano","status":"publish","type":"post","link":"https:\/\/economiapoliticacba.com\/?p=45804","title":{"rendered":"Las sorpresivas declaraciones de Erviti contra Belgrano"},"content":{"rendered":"<p><img src=\"http:\/\/economiapoliticacba.com\/wp-content\/uploads\/2025\/12\/las-sorpresivas-declaraciones-de-erviti-contra-belgrano.jpg\"><\/p>\n<p>El exdirector t\u00e9cnico de Belgrano, Walter Erviti, analiz\u00f3 su corta etapa al frente del plantel en una entrevista concedida al programa <i>Hablemos de Belgrano<\/i> (Universo TV). En una exposici\u00f3n extensa, el entrenador apunt\u00f3 directamente a la dirigencia encabezada por Luis Fabi\u00e1n Artime y describi\u00f3 lo que calific\u00f3 como deficiencias estructurales dentro del club.<\/p>\n<figure class=\"multimedia\" data-tadevel-template=\"web\/multimedia\" data-type=\"photo\">\n<div class=\"content\">\n<div class=\"sizer\" data-sizer=\"aspect-ratio\" data-tadevel-template=\"web\/aspect-ratio\"><img alt=\"Las sorpresivas declaraciones de Erviti contra Belgrano\" loading=\"lazy\"><\/div>\n<\/div>\n<\/figure>\n<p>Erviti, de 45 a\u00f1os, sostuvo que su ciclo \u2014que se extendi\u00f3 del 30 de diciembre de 2024 al 8 de febrero de este a\u00f1o\u2014 estuvo condicionado por factores que, seg\u00fan \u00e9l, exced\u00edan lo estrictamente deportivo. \u201cBelgrano tiene un problema estructural grande, un problema de liderazgo grande\u201d, afirm\u00f3. En la entrevista agreg\u00f3 que \u201cel club posee un liderazgo que no pareciera estar a la altura de la instituci\u00f3n\u201d.<\/p>\n<figure class=\"multimedia\" data-tadevel-template=\"web\/multimedia\" data-type=\"video\"><figcaption class=\"caption\">\n<div class=\"description\">X de Hablemos de Belgrano<\/div>\n<\/figcaption><\/figure>\n<p>El exentrenador tambi\u00e9n revel\u00f3 que mantiene una disputa econ\u00f3mica con la instituci\u00f3n. Asegur\u00f3 que el club adeuda pagos desde hace diez meses: \u201cSeguimos pendientes de que nos paguen lo que nos prometieron. Ning\u00fan directivo se hace responsable\u201d, declar\u00f3. Indic\u00f3 adem\u00e1s que se encuentra realizando consultas legales para avanzar en el reclamo.<\/p>\n<figure class=\"multimedia\" data-tadevel-template=\"web\/multimedia\" data-type=\"photo\">\n<div class=\"content\">\n<div class=\"sizer\" data-sizer=\"aspect-ratio\" data-tadevel-template=\"web\/aspect-ratio\"><img alt=\"Las sorpresivas declaraciones de Erviti contra Belgrano\" loading=\"lazy\"><\/div>\n<\/div>\n<\/figure>\n<p>Erviti dirigi\u00f3 cuatro partidos oficiales durante su breve gesti\u00f3n: empates 1-1 ante Banfield y Hurac\u00e1n, y derrotas por 0-3 frente a Independiente Rivadavia y 0-4 ante Racing. Su designaci\u00f3n hab\u00eda generado cuestionamientos desde el comienzo por parte de un sector de la hinchada, que manifest\u00f3 su disconformidad durante los encuentros disputados.<\/p>\n<p>Al referirse al proyecto deportivo, Erviti explic\u00f3 que la propuesta inicial del club contemplaba una modificaci\u00f3n en los patrones de juego, aunque se\u00f1al\u00f3 que con el correr de los d\u00edas percibi\u00f3 \u201cuna convicci\u00f3n muy baja\u201d por parte de los dirigentes para sostener ese plan. En su an\u00e1lisis expres\u00f3 que la falta de consenso interno hac\u00eda \u201cmuy dif\u00edcil\u201d implementar cambios de fondo en el corto plazo disponible.<\/p>\n<figure class=\"multimedia\" data-tadevel-template=\"web\/multimedia\" data-type=\"photo\">\n<div class=\"content\">\n<div class=\"sizer\" data-sizer=\"aspect-ratio\" data-tadevel-template=\"web\/aspect-ratio\"><img alt=\"Las sorpresivas declaraciones de Erviti contra Belgrano\" loading=\"lazy\"><\/div>\n<\/div>\n<\/figure>\n<p>Durante la entrevista, el exentrenador tambi\u00e9n destac\u00f3 que su salida estuvo influida por lo que interpret\u00f3 como una ausencia de respaldo institucional: \u201cMe parece que estaba en un lugar donde no me valoraban y donde no iba a poder crecer\u201d. A\u00f1adi\u00f3 que la situaci\u00f3n econ\u00f3mica y la falta de respuestas por parte de los directivos terminaron de definir su evaluaci\u00f3n sobre su breve paso por Alberdi.<\/p>\n<figure class=\"multimedia\" data-tadevel-template=\"web\/multimedia\" data-type=\"photo\">\n<div class=\"content\">\n<div class=\"sizer\" data-sizer=\"aspect-ratio\" data-tadevel-template=\"web\/aspect-ratio\"><img alt=\"Las sorpresivas declaraciones de Erviti contra Belgrano\" loading=\"lazy\"><\/div>\n<\/div>\n<\/figure>\n","protected":false},"excerpt":{"rendered":"<p>El exdirector t\u00e9cnico de Belgrano, Walter Erviti, analiz\u00f3 su corta etapa al frente del plantel en una entrevista concedida al programa Hablemos de Belgrano (Universo TV). En una exposici\u00f3n extensa, el entrenador apunt\u00f3 directamente a la dirigencia encabezada por Luis Fabi\u00e1n Artime y describi\u00f3 lo que calific\u00f3 como deficiencias estructurales dentro del club. Erviti, de [&hellip;]<\/p>\n","protected":false},"author":1,"featured_media":45805,"comment_status":"closed","ping_status":"closed","sticky":false,"template":"","format":"standard","meta":{"om_disable_all_campaigns":false,"_monsterinsights_skip_tracking":false,"_monsterinsights_sitenote_active":false,"_monsterinsights_sitenote_note":"","_monsterinsights_sitenote_category":0},"categories":[18],"tags":[],"aioseo_notices":[],"_links":{"self":[{"href":"https:\/\/economiapoliticacba.com\/index.php?rest_route=\/wp\/v2\/posts\/45804"}],"collection":[{"href":"https:\/\/economiapoliticacba.com\/index.php?rest_route=\/wp\/v2\/posts"}],"about":[{"href":"https:\/\/economiapoliticacba.com\/index.php?rest_route=\/wp\/v2\/types\/post"}],"author":[{"embeddable":true,"href":"https:\/\/economiapoliticacba.com\/index.php?rest_route=\/wp\/v2\/users\/1"}],"replies":[{"embeddable":true,"href":"https:\/\/economiapoliticacba.com\/index.php?rest_route=%2Fwp%2Fv2%2Fcomments&post=45804"}],"version-history":[{"count":0,"href":"https:\/\/economiapoliticacba.com\/index.php?rest_route=\/wp\/v2\/posts\/45804\/revisions"}],"wp:featuredmedia":[{"embeddable":true,"href":"https:\/\/economiapoliticacba.com\/index.php?rest_route=\/wp\/v2\/media\/45805"}],"wp:attachment":[{"href":"https:\/\/economiapoliticacba.com\/index.php?rest_route=%2Fwp%2Fv2%2Fmedia&parent=45804"}],"wp:term":[{"taxonomy":"category","embeddable":true,"href":"https:\/\/economiapoliticacba.com\/index.php?rest_route=%2Fwp%2Fv2%2Fcategories&post=45804"},{"taxonomy":"post_tag","embeddable":true,"href":"https:\/\/economiapoliticacba.com\/index.php?rest_route=%2Fwp%2Fv2%2Ftags&post=45804"}],"curies":[{"name":"wp","href":"https:\/\/api.w.org\/{rel}","templated":true}]}}