{"id":45745,"date":"2025-12-09T01:33:26","date_gmt":"2025-12-09T01:33:26","guid":{"rendered":"http:\/\/693779f80aa5c166640c93aa"},"modified":"2025-12-09T01:33:26","modified_gmt":"2025-12-09T01:33:26","slug":"mac-2025-record-de-ventas-y-11-premios-la-feria-que-consolida-a-cordoba-como-polo-federal-del-arte","status":"publish","type":"post","link":"https:\/\/economiapoliticacba.com\/?p=45745","title":{"rendered":"MAC 2025: r\u00e9cord de ventas y 11 premios, la feria que consolida a C\u00f3rdoba como polo federal del arte"},"content":{"rendered":"<p><img src=\"http:\/\/economiapoliticacba.com\/wp-content\/uploads\/2025\/12\/mac-2025-record-de-ventas-y-11-premios-la-feria-que-consolida-a-cordoba-como-polo-federal-del-arte.jpg\"><\/p>\n<p><strong>Una edici\u00f3n hist\u00f3rica para MAC 2025: m\u00e1s ventas, premios ampliados, intercambio federal y nuevos modelos de gesti\u00f3n<\/strong><\/p>\n<p>Con gran asistencia, un programa renovado y once premios que por primera vez incorporaron al sector privado, Mercado de Arte Contempor\u00e1neo (MAC) cerr\u00f3 su edici\u00f3n 2025 en el Centro de Convenciones C\u00f3rdoba, consolidando a la ciudad como un polo federal de las artes visuales y un espacio clave para generar pol\u00edticas colaborativas, redes y nuevas econom\u00edas del arte.<\/p>\n<p>La feria recibi\u00f3 a miles de visitantes y registr\u00f3 un notable crecimiento en la circulaci\u00f3n de obra, reforzando su perfil federal y la incorporaci\u00f3n de nuevos proyectos de todo el pa\u00eds. Durante cuatro d\u00edas, artistas, galer\u00edas, editoriales, colectivos y p\u00fablico general participaron de una propuesta gratuita que reafirm\u00f3 a C\u00f3rdoba como punto de encuentro para la producci\u00f3n visual contempor\u00e1nea.<\/p>\n<p>La edici\u00f3n se organiz\u00f3 en torno a constelaciones curatoriales \u2014Crespo y Bonino, Myriam Stefford, Ediciones y Orbital\u2014 que reemplazaron los sectores tradicionales y reunieron galer\u00edas consolidadas, proyectos emergentes, pr\u00e1cticas transdisciplinares, editoriales, fanzines y propuestas para infancias y adolescencias. La presencia federal fue contundente, con proyectos provenientes de Santa Fe, Entre R\u00edos, Salta, Chaco, Buenos Aires, R\u00edo Negro, Neuqu\u00e9n, Misiones, Santiago del Estero y un espacio invitado de Brasil, adem\u00e1s de iniciativas del interior provincial.<\/p>\n<figure class=\"multimedia\" data-tadevel-template=\"web\/multimedia\" data-type=\"photo\">\n<div class=\"content\">\n<div class=\"sizer\" data-sizer=\"aspect-ratio\" data-tadevel-template=\"web\/aspect-ratio\"><img alt=\"Se vendi\u00f3 un 38% m\u00e1s que el a\u00f1o pasado (Foto: prensa)\" loading=\"lazy\"><\/div>\n<\/div><figcaption class=\"caption\">\n<div class=\"description\">Se vendi\u00f3 un 38% m\u00e1s que el a\u00f1o pasado (Foto: prensa)<\/div>\n<\/figcaption><\/figure>\n<p>Seg\u00fan datos preliminares del \u00e1rea de investigaci\u00f3n de la feria, el 48% de las galer\u00edas particip\u00f3 por primera vez en MAC, se\u00f1al de una apuesta firme por ampliar territorialidades y sumar voces nuevas. En cuanto al mercado, se vendieron 274 obras \u2014un incremento del 38% respecto al a\u00f1o anterior\u2014 y quedaron abiertas varias gestiones posteriores al cierre.<\/p>\n<p>Las galer\u00edas destacaron especialmente la calidad de la edici\u00f3n y las condiciones de exhibici\u00f3n, as\u00ed como el funcionamiento del Centro de Convenciones C\u00f3rdoba, valorado por su escala, comodidad y est\u00e1ndares comparables a los de ferias internacionales.<\/p>\n<p>Con curadur\u00eda de Sof\u00eda Torres Kosiba y Manuel Coll, MAC 2025 se articul\u00f3 bajo la idea de <i>lo Mercurial<\/i>, un concepto que gui\u00f3 la distribuci\u00f3n espacial y el enfoque general del programa, centrado en la movilidad, la adaptaci\u00f3n y la renovaci\u00f3n de las formas de gesti\u00f3n.<\/p>\n<p>Entre los hitos del a\u00f1o se destac\u00f3 el Primer Encuentro de Ferias y Mercados de Arte Contempor\u00e1neo de Argentina, realizado en el marco de Orbital Encuentros, que reuni\u00f3 a referentes de distintas provincias para intercambiar experiencias y avanzar en l\u00edneas de trabajo conjunto. En ese mismo esp\u00edritu se desarroll\u00f3 la conversaci\u00f3n <i>La escena del Arte Federal HOY<\/i>, donde se debatieron los desaf\u00edos locales y la necesidad de fortalecer redes interprovinciales.<\/p>\n<p>Las acciones de mediaci\u00f3n \u2014especialmente los recorridos Imperdibles de MAC\u2014 volvieron a ser un recurso clave para democratizar el acceso, acercar la producci\u00f3n contempor\u00e1nea a p\u00fablicos diversos y reforzar el car\u00e1cter abierto y gratuito de la feria.<\/p>\n<figure class=\"multimedia\" data-tadevel-template=\"web\/multimedia\" data-type=\"photo\">\n<div class=\"content\">\n<div class=\"sizer\" data-sizer=\"aspect-ratio\" data-tadevel-template=\"web\/aspect-ratio\"><img alt=\"Se ampli\u00f3 el esquema de premios (Foto: prensa)\" loading=\"lazy\"><\/div>\n<\/div><figcaption class=\"caption\">\n<div class=\"description\">Se ampli\u00f3 el esquema de premios (Foto: prensa)<\/div>\n<\/figcaption><\/figure>\n<p>La edici\u00f3n incluy\u00f3 adem\u00e1s un homenaje a Mar\u00eda Rocha, figura fundamental del arte contempor\u00e1neo argentino. El altar creado por Mantera Galer\u00eda puso en valor su trayectoria, su apoyo a artistas y proyectos independientes, y su mirada atenta a las econom\u00edas reales y a las m\u00faltiples formas de circulaci\u00f3n de obra.<\/p>\n<p>Uno de los puntos m\u00e1s destacados de 2025 fue la ampliaci\u00f3n del esquema de premios: MAC otorg\u00f3 once distinciones \u2014la cifra m\u00e1s alta de su historia\u2014 e incorpor\u00f3 por primera vez al sector privado. Las adquisiciones de la Municipalidad de C\u00f3rdoba y del Gobierno de la Provincia sumar\u00e1n nuevas obras a los acervos del Museo Genaro P\u00e9rez, el Museo Emilio Caraffa y el Museo Provincial Franklin Rawson. Tambi\u00e9n se entregaron el Premio Arte21 \u2013 Colecci\u00f3n Universidad Siglo 21, el Premio In Situ, el Premio P\u00farpura Proyecto \u2014que incluye una beca anual en El Or\u00e1culo\u2014 y el Premio Brandon, votado por galer\u00edas y artistas. A ello se sum\u00f3 el aporte de Mecenas Mercuriales, integrado por Pacl\u00edn, Econovo, la C\u00e1mara Metal\u00fargica de C\u00f3rdoba y Nueva Trama, que incorpor\u00f3 adquisiciones y est\u00edmulos vinculados a nuevas materialidades y oficios contempor\u00e1neos.<\/p>\n<p>Con un nuevo espacio, un programa expandido, m\u00e1s ventas, mayor presencia federal y una red fortalecida entre ferias de todo el pa\u00eds, MAC 2025 se reafirm\u00f3 como un punto de encuentro regional imprescindible para las artes visuales. Su crecimiento impulsa la profesionalizaci\u00f3n del sector, la circulaci\u00f3n de obra y el surgimiento de nuevos proyectos en distintas provincias, consolidando el rol de C\u00f3rdoba como articuladora de la escena federal.<\/p>\n<figure class=\"multimedia\" data-tadevel-template=\"web\/multimedia\" data-type=\"photo\">\n<div class=\"content\">\n<div class=\"sizer\" data-sizer=\"aspect-ratio\" data-tadevel-template=\"web\/aspect-ratio\"><img alt=\"Hubo espacios para la diversi\u00f3n y el asombro (Foto: prensa)\" loading=\"lazy\"><\/div>\n<\/div><figcaption class=\"caption\">\n<div class=\"description\">Hubo espacios para la diversi\u00f3n y el asombro (Foto: prensa)<\/div>\n<\/figcaption><\/figure>\n<p>La organizaci\u00f3n estuvo a cargo de la Secretar\u00eda de Fortalecimiento Vecinal, Cultura y Deportes de la Municipalidad de C\u00f3rdoba, junto a la Agencia C\u00f3rdoba Cultura, FARO, Fundaci\u00f3n Pro Arte C\u00f3rdoba, la Universidad Provincial de C\u00f3rdoba y la Universidad Nacional de C\u00f3rdoba, con el acompa\u00f1amiento del Ministerio de Cooperativas y Mutuales y el apoyo del Banco de C\u00f3rdoba.<\/p>\n<p>\/Fuente y fotos: prensa\/<\/p>\n","protected":false},"excerpt":{"rendered":"<p>Una edici\u00f3n hist\u00f3rica para MAC 2025: m\u00e1s ventas, premios ampliados, intercambio federal y nuevos modelos de gesti\u00f3n Con gran asistencia, un programa renovado y once premios que por primera vez incorporaron al sector privado, Mercado de Arte Contempor\u00e1neo (MAC) cerr\u00f3 su edici\u00f3n 2025 en el Centro de Convenciones C\u00f3rdoba, consolidando a la ciudad como un [&hellip;]<\/p>\n","protected":false},"author":1,"featured_media":45746,"comment_status":"closed","ping_status":"closed","sticky":false,"template":"","format":"standard","meta":{"om_disable_all_campaigns":false,"_monsterinsights_skip_tracking":false,"_monsterinsights_sitenote_active":false,"_monsterinsights_sitenote_note":"","_monsterinsights_sitenote_category":0},"categories":[18],"tags":[],"aioseo_notices":[],"_links":{"self":[{"href":"https:\/\/economiapoliticacba.com\/index.php?rest_route=\/wp\/v2\/posts\/45745"}],"collection":[{"href":"https:\/\/economiapoliticacba.com\/index.php?rest_route=\/wp\/v2\/posts"}],"about":[{"href":"https:\/\/economiapoliticacba.com\/index.php?rest_route=\/wp\/v2\/types\/post"}],"author":[{"embeddable":true,"href":"https:\/\/economiapoliticacba.com\/index.php?rest_route=\/wp\/v2\/users\/1"}],"replies":[{"embeddable":true,"href":"https:\/\/economiapoliticacba.com\/index.php?rest_route=%2Fwp%2Fv2%2Fcomments&post=45745"}],"version-history":[{"count":0,"href":"https:\/\/economiapoliticacba.com\/index.php?rest_route=\/wp\/v2\/posts\/45745\/revisions"}],"wp:featuredmedia":[{"embeddable":true,"href":"https:\/\/economiapoliticacba.com\/index.php?rest_route=\/wp\/v2\/media\/45746"}],"wp:attachment":[{"href":"https:\/\/economiapoliticacba.com\/index.php?rest_route=%2Fwp%2Fv2%2Fmedia&parent=45745"}],"wp:term":[{"taxonomy":"category","embeddable":true,"href":"https:\/\/economiapoliticacba.com\/index.php?rest_route=%2Fwp%2Fv2%2Fcategories&post=45745"},{"taxonomy":"post_tag","embeddable":true,"href":"https:\/\/economiapoliticacba.com\/index.php?rest_route=%2Fwp%2Fv2%2Ftags&post=45745"}],"curies":[{"name":"wp","href":"https:\/\/api.w.org\/{rel}","templated":true}]}}