{"id":45743,"date":"2025-12-09T01:47:14","date_gmt":"2025-12-09T01:47:14","guid":{"rendered":"http:\/\/69377d870aa5c166640cbd80"},"modified":"2025-12-09T01:47:14","modified_gmt":"2025-12-09T01:47:14","slug":"26-anos-del-titulo-que-marco-a-talleres-para-siempre","status":"publish","type":"post","link":"https:\/\/economiapoliticacba.com\/?p=45743","title":{"rendered":"26 a\u00f1os del t\u00edtulo que marc\u00f3 a Talleres para siempre"},"content":{"rendered":"<p><img src=\"http:\/\/economiapoliticacba.com\/wp-content\/uploads\/2025\/12\/26-anos-del-titulo-que-marco-a-talleres-para-siempre.jpg\"><\/p>\n<p>El 8 de diciembre no es un d\u00eda m\u00e1s en la memoria del pueblo albiazul. Hace exactamente 26 a\u00f1os, Talleres alcanzaba la gloria internacional al coronarse campe\u00f3n de la Copa Conmebol 1999, en una campa\u00f1a cargada de \u00e9pica, car\u00e1cter y momentos que quedaron grabados para siempre en la historia grande del club.<\/p>\n<figure data-url=\"https:\/\/www.youtube.com\/watch?v=WKNIMfpeL8c\" class=\"multimedia\" data-html data-tadevel-template=\"web\/multimedia\" data-type=\"video\">\n<div class=\"content\">\n<div class=\"sizer\" data-sizer=\"aspect-ratio\" data-tadevel-template=\"web\/aspect-ratio\">\n<div class=\"backdrop\" data-tadevel-template=\"web\/backdrop\">\n<div class=\"facade\" data-facade-target data-tadevel-template=\"web\/multimedia-facade\"><button aria-label=\"Reproducir video\" class=\"run\"><\/button> [embedded content]<\/div>\n<\/div>\n<\/div>\n<\/div><figcaption class=\"caption\">\n<div class=\"description\">8 de diciembre 1999 &#8211; Talleres Campe\u00f3n de la Conmebol<\/div>\n<\/figcaption><\/figure>\n<p>Dirigido por Ricardo Gareca, el Matador inici\u00f3 su camino con sobresaltos: cay\u00f3 4-1 ante Independiente Petrolero en Bolivia, pero reaccion\u00f3 en C\u00f3rdoba con un 3-0 que llev\u00f3 la serie a penales. Desde los doce pasos, Talleres avanz\u00f3 5-4 y encendi\u00f3 la ilusi\u00f3n.<\/p>\n<figure class=\"multimedia\" data-tadevel-template=\"web\/multimedia\" data-type=\"photo\">\n<div class=\"content\">\n<div class=\"sizer\" data-sizer=\"aspect-ratio\" data-tadevel-template=\"web\/aspect-ratio\"><img alt=\"26 a\u00f1os del t\u00edtulo que marc\u00f3 a Talleres para siempre\" loading=\"lazy\"><\/div>\n<\/div>\n<\/figure>\n<p>En cuartos, la historia se repiti\u00f3. Derrota 1-0 ante Paran\u00e1 (Brasil) en la ida, victoria por el mismo resultado en el Chateau y otra clasificaci\u00f3n por penales, esta vez 3-1. El equipo ya mostraba una personalidad que ser\u00eda su sello.<\/p>\n<p>Las semifinales ante Deportes Concepci\u00f3n de Chile fueron el punto de quiebre emocional. Talleres gan\u00f3 2-1 en C\u00f3rdoba y sostuvo el 1-1 en la revancha para meterse en la final. El sue\u00f1o empezaba a tomar forma.<\/p>\n<p>La definici\u00f3n frente a Sportivo Alagoano tuvo un primer cap\u00edtulo adverso: ca\u00edda 4-2 en Brasil el 1 de diciembre. La vuelta, una semana despu\u00e9s, ser\u00eda una noche inolvidable para la ciudad. Con el Chateau repleto, Talleres logr\u00f3 el 3-0 necesario para dar vuelta la serie, con un gol ag\u00f3nico de Juli\u00e1n Maidana que sell\u00f3 el campeonato y desat\u00f3 un festejo hist\u00f3rico.<\/p>\n<figure class=\"multimedia\" data-tadevel-template=\"web\/multimedia\" data-type=\"photo\">\n<div class=\"content\">\n<div class=\"sizer\" data-sizer=\"aspect-ratio\" data-tadevel-template=\"web\/aspect-ratio\"><img alt=\"26 a\u00f1os del t\u00edtulo que marc\u00f3 a Talleres para siempre\" loading=\"lazy\"><\/div>\n<\/div>\n<\/figure>\n<p>Aquel equipo marc\u00f3 una era y dej\u00f3 una de las im\u00e1genes m\u00e1s recordadas del f\u00fatbol cordob\u00e9s: el Matador, campe\u00f3n internacional en casa.<\/p>\n<h3>LA FORMACI\u00d3N DEL CAMPE\u00d3N (8 de diciembre de 1999)<\/h3>\n<h4>Talleres 3 \u2013 Alagoano 0&nbsp;<\/h4>\n<p><strong>Once inicial:<\/strong><\/p>\n<ol>\n<li>Mario Cuenca<\/li>\n<li>David D\u00edaz<\/li>\n<li>Juli\u00e1n Maidana<\/li>\n<li>Cristian Garc\u00eda<\/li>\n<li>Gabriel Roth<\/li>\n<li>Adri\u00e1n \u00c1valos<\/li>\n<li>Manuel Aguilar<\/li>\n<li>Horacio Humoller<\/li>\n<li>Ricardo Silva<\/li>\n<li>Rodrigo Astudillo<\/li>\n<li>Dar\u00edo Gigena<\/li>\n<\/ol>\n<figure class=\"multimedia\" data-tadevel-template=\"web\/multimedia\" data-type=\"photo\">\n<div class=\"content\">\n<div class=\"sizer\" data-sizer=\"aspect-ratio\" data-tadevel-template=\"web\/aspect-ratio\"><img alt=\"26 a\u00f1os del t\u00edtulo que marc\u00f3 a Talleres para siempre\" loading=\"lazy\"><\/div>\n<\/div>\n<\/figure>\n<p>Suplentes: 12. Jorge Ciancaglini 8. Cristian Pino 15. Andr\u00e9s Cabrera 16. Jos\u00e9 Luis Marzo 17. Sebasti\u00e1n Flores Coronel 19. Marcelo Sarmiento<\/p>\n<p>DT: Ricardo Gareca<\/p>\n","protected":false},"excerpt":{"rendered":"<p>El 8 de diciembre no es un d\u00eda m\u00e1s en la memoria del pueblo albiazul. Hace exactamente 26 a\u00f1os, Talleres alcanzaba la gloria internacional al coronarse campe\u00f3n de la Copa Conmebol 1999, en una campa\u00f1a cargada de \u00e9pica, car\u00e1cter y momentos que quedaron grabados para siempre en la historia grande del club. [embedded content] 8 [&hellip;]<\/p>\n","protected":false},"author":1,"featured_media":45744,"comment_status":"closed","ping_status":"closed","sticky":false,"template":"","format":"standard","meta":{"om_disable_all_campaigns":false,"_monsterinsights_skip_tracking":false,"_monsterinsights_sitenote_active":false,"_monsterinsights_sitenote_note":"","_monsterinsights_sitenote_category":0},"categories":[18],"tags":[],"aioseo_notices":[],"_links":{"self":[{"href":"https:\/\/economiapoliticacba.com\/index.php?rest_route=\/wp\/v2\/posts\/45743"}],"collection":[{"href":"https:\/\/economiapoliticacba.com\/index.php?rest_route=\/wp\/v2\/posts"}],"about":[{"href":"https:\/\/economiapoliticacba.com\/index.php?rest_route=\/wp\/v2\/types\/post"}],"author":[{"embeddable":true,"href":"https:\/\/economiapoliticacba.com\/index.php?rest_route=\/wp\/v2\/users\/1"}],"replies":[{"embeddable":true,"href":"https:\/\/economiapoliticacba.com\/index.php?rest_route=%2Fwp%2Fv2%2Fcomments&post=45743"}],"version-history":[{"count":0,"href":"https:\/\/economiapoliticacba.com\/index.php?rest_route=\/wp\/v2\/posts\/45743\/revisions"}],"wp:featuredmedia":[{"embeddable":true,"href":"https:\/\/economiapoliticacba.com\/index.php?rest_route=\/wp\/v2\/media\/45744"}],"wp:attachment":[{"href":"https:\/\/economiapoliticacba.com\/index.php?rest_route=%2Fwp%2Fv2%2Fmedia&parent=45743"}],"wp:term":[{"taxonomy":"category","embeddable":true,"href":"https:\/\/economiapoliticacba.com\/index.php?rest_route=%2Fwp%2Fv2%2Fcategories&post=45743"},{"taxonomy":"post_tag","embeddable":true,"href":"https:\/\/economiapoliticacba.com\/index.php?rest_route=%2Fwp%2Fv2%2Ftags&post=45743"}],"curies":[{"name":"wp","href":"https:\/\/api.w.org\/{rel}","templated":true}]}}