{"id":45718,"date":"2025-12-08T03:13:42","date_gmt":"2025-12-08T03:13:42","guid":{"rendered":"http:\/\/693409971ad663dae8c2fdc9"},"modified":"2025-12-08T03:13:42","modified_gmt":"2025-12-08T03:13:42","slug":"museo-juan-de-tejeda-anuncia-cierre-excepcional-en-diciembre-y-horarios-de-atencion","status":"publish","type":"post","link":"https:\/\/economiapoliticacba.com\/?p=45718","title":{"rendered":"Museo Juan de Tejeda anuncia cierre excepcional en diciembre y horarios de atenci\u00f3n"},"content":{"rendered":"<p><img src=\"http:\/\/economiapoliticacba.com\/wp-content\/uploads\/2025\/12\/museo-juan-de-tejeda-anuncia-cierre-excepcional-en-diciembre-y-horarios-de-atencion.jpg\"><\/p>\n<p><strong>Museo de Arte Religioso Juan de Tejeda en<\/strong> Independencia 122, permanece abierto de lunes a s\u00e1bados de 10 a 14 h <a rel=\"noopener nofollow\" href=\"http:\/\/www.museotejeda.com\" target=\"_blank\">www.museotejeda.com<\/a><\/p>\n<p><strong>Aviso:<\/strong> el museo permanecer\u00e1 cerrado los d\u00edas lunes 8, mi\u00e9rcoles 24, jueves 25 y mi\u00e9rcoles 31 de diciembre.<\/p>\n<p><strong>PROGRAMACI\u00d3N \u2013 DICIEMBRE 2025<\/strong><\/p>\n<h4><strong>Concierto de M\u00fasica Argentina<\/strong><\/h4>\n<p><strong>Viernes 12 de diciembre, 20 h.<\/strong> Un encuentro dedicado a la m\u00fasica argentina en un formato \u00edntimo que permite disfrutar cada matiz y di\u00e1logo instrumental. El repertorio propone un recorrido por diversas est\u00e9ticas y climas sonoros, con saxo soprano, guitarra y clarinete entrelaz\u00e1ndose en una propuesta sensible y cuidada. A cargo de Malvicino\u2013Hussein y Mazza. <strong>Entrada libre y gratuita.<\/strong><\/p>\n<p><strong>MUESTRAS TEMPORARIAS<\/strong><\/p>\n<p><strong>\u201cFragmentos del Para\u00edso\u201d \u2013 Nuevas obras de Oscar Su\u00e1rez<\/strong><\/p>\n<p>La sala de exposiciones temporarias incorpora piezas recientes de Oscar Su\u00e1rez, en di\u00e1logo con un \u00f3leo cuzque\u00f1o del siglo XVII de la Inmaculada Concepci\u00f3n perteneciente al Monasterio Santa Catalina de Siena. La presencia de la obra colonial constituye un hecho excepcional: ser\u00e1 exhibida al p\u00fablico por primera vez, ya que nunca antes hab\u00eda salido del monasterio. Esta ampliaci\u00f3n profundiza el encuentro entre lo contempor\u00e1neo y lo colonial, en pleno tiempo de Navidad, transformando la sala en un espacio \u00fanico. <strong>Presentaci\u00f3n en sala:<\/strong> martes 16 de diciembre. <strong>En exhibici\u00f3n hasta febrero de 2026.<\/strong><\/p>\n<p><strong>\u201cOscar Su\u00e1rez en el Tejeda. El color que no cay\u00f3 del cielo\u201d<\/strong><\/p>\n<p>La intervenci\u00f3n de Su\u00e1rez irrumpe como una interferencia que acompa\u00f1a y, a la vez, revela v\u00ednculos secretos entre pasado y presente. Un color inesperado aparece como una se\u00f1al que conecta obras, s\u00edmbolos y miradas. Entre retratos texturados y acuarelas ampliadas, el artista teje referencias a la fe, el fetichismo y la piedad, invitando a habitar el misterio sin pretender explicarlo. <strong>Exhibici\u00f3n:<\/strong> desde octubre hasta febrero de 2026.<\/p>\n<p><strong>\u201cTras Bambalinas\u201d<\/strong><\/p>\n<p>Una muestra que revela el detr\u00e1s de escena del montaje de las obras de Oscar Su\u00e1rez. A trav\u00e9s de im\u00e1genes, el p\u00fablico podr\u00e1 descubrir el trabajo invisible que hace posible cada exposici\u00f3n. <strong>Lugar:<\/strong> Recova de 27 de Abril esq. Independencia. <strong>Acceso libre:<\/strong> todos los d\u00edas, de 8 a 22 h.<\/p>\n<p><strong>VISITAS GUIADAS<\/strong><\/p>\n<p><strong>S\u00e1bados a las 12 h.<\/strong> Recorrido general para conocer la historia del sitio: hogar de la familia Tejeda, luego Monasterio San Jos\u00e9 de Carmelitas Descalzas y, finalmente, museo de arte religioso.<\/p>\n<p><strong>EXHIBICI\u00d3N PERMANENTE<\/strong><\/p>\n<p>La muestra permanente se despliega en salas, patio y galer\u00edas. El Museo Juan de Tejeda resguarda una de las colecciones de arte religioso m\u00e1s relevantes de Am\u00e9rica del Sur. En torno al patio se exhiben piezas destacadas de un acervo que supera las 9.300 piezas. <strong>Horario:<\/strong> lunes a s\u00e1bados, de 10 a 14 h.<\/p>\n<figure class=\"multimedia\" data-tadevel-template=\"web\/multimedia\" data-type=\"photo\">\n<div class=\"content\">\n<div class=\"sizer\" data-sizer=\"aspect-ratio\" data-tadevel-template=\"web\/aspect-ratio\"><img alt=\"Museo Juan de Tejeda anuncia cierre excepcional en diciembre y horarios de atenci\u00f3n\" loading=\"lazy\"><\/div>\n<\/div>\n<\/figure>\n","protected":false},"excerpt":{"rendered":"<p>Museo de Arte Religioso Juan de Tejeda en Independencia 122, permanece abierto de lunes a s\u00e1bados de 10 a 14 h www.museotejeda.com Aviso: el museo permanecer\u00e1 cerrado los d\u00edas lunes 8, mi\u00e9rcoles 24, jueves 25 y mi\u00e9rcoles 31 de diciembre. PROGRAMACI\u00d3N \u2013 DICIEMBRE 2025 Concierto de M\u00fasica Argentina Viernes 12 de diciembre, 20 h. Un [&hellip;]<\/p>\n","protected":false},"author":1,"featured_media":45719,"comment_status":"closed","ping_status":"closed","sticky":false,"template":"","format":"standard","meta":{"om_disable_all_campaigns":false,"_monsterinsights_skip_tracking":false,"_monsterinsights_sitenote_active":false,"_monsterinsights_sitenote_note":"","_monsterinsights_sitenote_category":0},"categories":[18],"tags":[],"aioseo_notices":[],"_links":{"self":[{"href":"https:\/\/economiapoliticacba.com\/index.php?rest_route=\/wp\/v2\/posts\/45718"}],"collection":[{"href":"https:\/\/economiapoliticacba.com\/index.php?rest_route=\/wp\/v2\/posts"}],"about":[{"href":"https:\/\/economiapoliticacba.com\/index.php?rest_route=\/wp\/v2\/types\/post"}],"author":[{"embeddable":true,"href":"https:\/\/economiapoliticacba.com\/index.php?rest_route=\/wp\/v2\/users\/1"}],"replies":[{"embeddable":true,"href":"https:\/\/economiapoliticacba.com\/index.php?rest_route=%2Fwp%2Fv2%2Fcomments&post=45718"}],"version-history":[{"count":0,"href":"https:\/\/economiapoliticacba.com\/index.php?rest_route=\/wp\/v2\/posts\/45718\/revisions"}],"wp:featuredmedia":[{"embeddable":true,"href":"https:\/\/economiapoliticacba.com\/index.php?rest_route=\/wp\/v2\/media\/45719"}],"wp:attachment":[{"href":"https:\/\/economiapoliticacba.com\/index.php?rest_route=%2Fwp%2Fv2%2Fmedia&parent=45718"}],"wp:term":[{"taxonomy":"category","embeddable":true,"href":"https:\/\/economiapoliticacba.com\/index.php?rest_route=%2Fwp%2Fv2%2Fcategories&post=45718"},{"taxonomy":"post_tag","embeddable":true,"href":"https:\/\/economiapoliticacba.com\/index.php?rest_route=%2Fwp%2Fv2%2Ftags&post=45718"}],"curies":[{"name":"wp","href":"https:\/\/api.w.org\/{rel}","templated":true}]}}