{"id":44977,"date":"2025-11-13T20:32:00","date_gmt":"2025-11-13T20:32:00","guid":{"rendered":"https:\/\/economiapoliticacba.com\/?p=44977"},"modified":"2025-11-13T20:32:00","modified_gmt":"2025-11-13T20:32:00","slug":"la-agenda-paralela-de-villarruel-y-su-reunion-a-solas-con-bullrich","status":"publish","type":"post","link":"https:\/\/economiapoliticacba.com\/?p=44977","title":{"rendered":"La agenda paralela de Villarruel y su reuni\u00f3n a solas con Bullrich"},"content":{"rendered":"<p>Pese a ser la vicepresidenta, <a href=\"https:\/\/eleconomista.com.ar\/politica\/villarruel-2027-mensajes-sugestivos-puentes-oposicion-choque-bullrich-n90255\" target=\"_blank\" rel=\"noopener\"><strong>Victoria Villarruel<\/strong> mantiene una agenda paralela a la del Gobierno<\/a>. Tras la ruptura con el presidente Javier Milei -que estall\u00f3 en julio, cuando \u00e9l la tild\u00f3 de &#8220;traidora&#8221;-, qued\u00f3 <strong>excluida <\/strong>de la gesti\u00f3n y sin horizonte de recomposici\u00f3n del v\u00ednculo.<\/p>\n<p>En lo inmediato, tiene previsto <strong>reunirse con<\/strong> <strong>Patricia Bullrich<\/strong> este viernes al mediod\u00eda. La presidenta del Senado y la futura senadora se ver\u00e1n a solas, luego del fuerte enfrentamiento que mantuvieron tambi\u00e9n en julio. Ambas partes deslizan que ser\u00e1 un <strong>encuentro cordial<\/strong>. A partir de diciembre, cuando asuma el nuevo Congreso, deber\u00e1n convivir. Y Bullrich no ser\u00e1 una senadora m\u00e1s, sino la <strong>jefa de bloque de La Libertad Avanza<\/strong>.<\/p>\n<p>El entorno de Villarruel asegura que es <strong>muy temprano para pensar en 2027<\/strong> y que los contactos con senadores se dan en calidad de legisladores y no de armadores. Sin embargo, tambi\u00e9n afirman que <strong>le podr\u00eda ir bien en una eventual elecci\u00f3n<\/strong>.<\/p>\n<h2>Bullrich, el eje del conflicto<\/h2>\n<p>Bullrich debe presentarse este viernes en el Senado, alrededor de las 11, para cumplir con los tr\u00e1mites previos a su asunci\u00f3n: firma, foto e ingreso. A partir de esa excusa surgi\u00f3 la posibilidad del encuentro. <strong>&#8220;Fue un poco mutuo&#8221;<\/strong>, dice una fuente del equipo de Villarruel, que aclara que no hay un temario definido.<\/p>\n<figure class=\"image\"><img loading=\"lazy\" width=\"100\" height=\"100\" class=\"cst_img\" src=\"http:\/\/economiapoliticacba.com\/wp-content\/uploads\/2025\/11\/la-agenda-paralela-de-villarruel-y-su-reunion-a-solas-con-bullrich.webp\" alt=\"Senado ATN\"><figcaption>La C\u00e1mara de Senadores en la votaci\u00f3n por los Aportes del Tesoro Nacional<\/figcaption><\/figure>\n<div class=\"rela\">\n<div class=\"pic\"> <a href=\"https:\/\/eleconomista.com.ar\/politica\/menem-sobre-congreso-solos-nos-alcanza-reformas-n90474\" title=\"Menem, sobre el Congreso: &quot;Solos no nos alcanza para las reformas&quot;\"><img src=\"http:\/\/economiapoliticacba.com\/wp-content\/uploads\/2025\/11\/la-agenda-paralela-de-villarruel-y-su-reunion-a-solas-con-bullrich-1.webp\" alt=\"Menem, sobre el Congreso: &quot;Solos no nos alcanza para las reformas&quot;\" loading=\"lazy\"><\/a> <\/div><\/div>\n<p>Por el contrario, en la entrevista con Radio Mitre en la que anunci\u00f3 la reuni\u00f3n, Bullrich afirm\u00f3: &#8220;Me llam\u00f3 el secretario parlamentario y me dijo que la vice quer\u00eda hablar conmigo&#8221;. Ambos equipos anticipan una <strong>reuni\u00f3n institucional<\/strong>; desde el entorno de Bullrich remarcan que van sin \u00e1nimos de confrontar.<\/p>\n<p>En el entorno de Villarruel <strong>minimizan el cruce<\/strong> <strong>previo <\/strong>entre ambas, cuando la ministra la acus\u00f3 de &#8220;c\u00f3mplice del kirchnerismo&#8221; por presidir una sesi\u00f3n que consideraba autoconvocada, y Villarruel le respondi\u00f3 record\u00e1ndole su paso por &#8220;orgas terroristas&#8221; y su tradici\u00f3n de &#8220;pulular de partido en partido&#8221;. &#8220;Mart\u00edn Menem hab\u00eda hecho lo mismo y no lo trataron de traidor&#8221;, advierten cerca de la vicepresidenta.<\/p>\n<p>Despu\u00e9s del 10 de diciembre, Villarruel y Bullrich deber\u00e1n convivir en el Senado. El entorno de la vicepresidenta se encuentra a la espera de conocer qui\u00e9n ser\u00e1 el interlocutor del Gobierno en la C\u00e1mara alta. Adem\u00e1s de Bullrich, mencionan como posible nexo al <a href=\"https:\/\/eleconomista.com.ar\/politica\/la-santileta-empezo-su-gira-frigerio-rios-n90440\" target=\"_blank\" rel=\"noopener\">flamante ministro del Interior, <strong>Diego Santilli<\/strong><\/a>, con quien Villarruel comparti\u00f3 dos a\u00f1os en Diputados, entre 2021 y 2023.<\/p>\n<div class=\"rela\">\n<div class=\"pic\"> <a href=\"https:\/\/eleconomista.com.ar\/politica\/la-santileta-empezo-su-gira-frigerio-rios-n90440\" title=\"La &quot;Santileta&quot; empez\u00f3 su gira con Frigerio en Entre R\u00edos\"><img src=\"http:\/\/economiapoliticacba.com\/wp-content\/uploads\/2025\/11\/la-agenda-paralela-de-villarruel-y-su-reunion-a-solas-con-bullrich-2.webp\" alt=\"La &quot;Santileta&quot; empez\u00f3 su gira con Frigerio en Entre R\u00edos\" loading=\"lazy\"><\/a> <\/div><\/div>\n<figure class=\"image\"><img loading=\"lazy\" width=\"100\" height=\"100\" class=\"cst_img\" src=\"http:\/\/economiapoliticacba.com\/wp-content\/uploads\/2025\/11\/la-agenda-paralela-de-villarruel-y-su-reunion-a-solas-con-bullrich-3.webp\" alt=\"Bullrich Villarruel\"><figcaption>Bullrich Villarruel en la fiesta por el D\u00eda Nacional de Espa\u00f1a, la \u00faltima vez que se cruzaron<\/figcaption><\/figure>\n<p><mark class=\"marker-yellow\"><strong>&#8220;El comportamiento en el Senado es distinto al de Diputados&#8221;, subrayan en su entorno, en alusi\u00f3n al tono m\u00e1s respetuoso que suele primar en la C\u00e1mara alta, aunque advierten con iron\u00eda que el control de los micr\u00f3fonos lo tiene la presidenta.<\/strong><\/mark><\/p>\n<p><strong>Leonardo Fredes<\/strong>, periodista acreditado en el Congreso, considera que <strong>la confrontaci\u00f3n podr\u00eda ser inevitable<\/strong>: &#8220;En alg\u00fan momento, Bullrich podr\u00eda querer meterse en el tema administrativo para premiar o castigar a senadores por el apoyo a proyectos y ah\u00ed va a haber fricci\u00f3n porque Villarruel no quiere ceder en ese \u00e1rea&#8221;.&nbsp;<\/p>\n<p>Mientras tanto, Bullrich avanza con la conformaci\u00f3n de la bancada. <a href=\"https:\/\/eleconomista.com.ar\/politica\/bullrich-amplia-poder-libertad-avanza-congreso-debilita-pro-n90258\" target=\"_blank\" rel=\"noopener\">Ya se llev\u00f3 una senadora y ocho diputados del PRO al bloque de La Libertad Avanza.<\/a> <mark class=\"marker-yellow\"><strong>En el entorno de Villarruel admiten que est\u00e1 &#8220;excluida&#8221; del Gobierno. &#8220;No se mete en el armado del bloque&#8221;<\/strong><\/mark>, aclaran, y remarcan la dificultad de alcanzar el qu\u00f3rum: La Libertad Avanza cuenta con 20 senadores y necesita 37.<\/p>\n<figure class=\"image\"><img loading=\"lazy\" width=\"100\" height=\"100\" class=\"cst_img\" src=\"http:\/\/economiapoliticacba.com\/wp-content\/uploads\/2025\/11\/la-agenda-paralela-de-villarruel-y-su-reunion-a-solas-con-bullrich-4.webp\" alt=\"Javier Milei y Victoria Villarruel\"><figcaption>Javier Milei y Victoria Villarruel<\/figcaption><\/figure>\n<p><strong>&#8220;Tiene una relaci\u00f3n institucional con el Gobierno&#8221;<\/strong>, resume la fuente. El \u00faltimo canal de di\u00e1logo con la Casa Rosada habr\u00eda sido el ex jefe de Gabinete <a href=\"https:\/\/eleconomista.com.ar\/politica\/caputo-adorni-giro-silencioso-cambia-gabinete-milei-n90061\" target=\"_blank\" rel=\"noopener\"><strong>Guillermo Francos<\/strong><\/a>, con quien a\u00fan mantiene contacto.<\/p>\n<h2>El futuro de la vice<\/h2>\n<p><mark class=\"marker-yellow\"><strong>&#8220;No est\u00e1 armando para 2027; falta mucho&#8221;<\/strong><\/mark>, insiste su entorno, que apela a la incertidumbre y volatilidad de Argentina como justificaci\u00f3n. Aseguran que mantiene <mark class=\"marker-yellow\"><strong>di\u00e1logo con todos los senadores en calidad de legisladores y no de armadores<\/strong><\/mark>. Adem\u00e1s, descartan ambiciones presidenciales inmediatas: &#8220;En 2027 se ver\u00e1&#8221;.<\/p>\n<p>Hace una semana, Villarruel aliment\u00f3 especulaciones sobre su futuro al darle Me gusta en redes sociales a comentarios que la se\u00f1alaban como la pr\u00f3xima presidenta. En su entorno lo minimizan: dicen que son <strong>simples halagos<\/strong>.<\/p>\n<p>En paralelo, <mark class=\"marker-yellow\"><strong>destacan la &#8220;buena repercusi\u00f3n en el interior&#8221;<\/strong><\/mark> <a href=\"https:\/\/eleconomista.com.ar\/politica\/villarruel-avanza-su-gira-federal-lanza-una-fuerte-frase-malvinas-n89231\" target=\"_blank\" rel=\"noopener\">tras haber visitado pr\u00e1cticamente todas las provincias<\/a>. El apoyo que tendr\u00eda en la ciudadan\u00eda es un capital y <mark class=\"marker-yellow\"><strong>sugieren que le podr\u00eda ir bien en una eventual elecci\u00f3n<\/strong><\/mark>.<\/p>\n<figure class=\"image\"><img loading=\"lazy\" width=\"100\" height=\"100\" class=\"cst_img\" src=\"http:\/\/economiapoliticacba.com\/wp-content\/uploads\/2025\/11\/la-agenda-paralela-de-villarruel-y-su-reunion-a-solas-con-bullrich-5.webp\" alt=\"Villarruel con Gildo Insfr\u00e1n.\"><figcaption>Villarruel con Gildo Insfr\u00e1n en el acto por el D\u00eda del H\u00e9roe Formose\u00f1o<\/figcaption><\/figure>\n<p>Seg\u00fan el \u00faltimo informe de Opina Argentina, la <strong>imagen negativa<\/strong> de la vicepresidenta es muy elevada y creci\u00f3 tres puntos de octubre a noviembre. Se ubica en <strong>64%<\/strong>, por encima de Cristina Kirchner y Sergio Massa.<\/p>\n<p>De momento, Villarruel concentra su energ\u00eda en el Senado, que este a\u00f1o tuvo una &#8220;relevancia trascendental&#8221; con leyes como la del Garrahan y la de financiamiento universitario, indican. El protagonismo continuar\u00e1 en los pr\u00f3ximos meses, cuando se traten en el recinto el presupuesto y las <a href=\"https:\/\/eleconomista.com.ar\/politica\/que-sabe-reformas-laboral-tributaria-codigo-penal-impulsa-milei-n90206\" target=\"_blank\" rel=\"noopener\">reformas laboral, tributaria y penal<\/a>, prioridades del Gobierno en el nuevo per\u00edodo legislativo.<\/p>\n","protected":false},"excerpt":{"rendered":"<p>Pese a ser la vicepresidenta, Victoria Villarruel mantiene una agenda paralela a la del Gobierno. Tras la ruptura con el presidente Javier Milei -que estall\u00f3 en julio, cuando \u00e9l la tild\u00f3 de &#8220;traidora&#8221;-, qued\u00f3 excluida de la gesti\u00f3n y sin horizonte de recomposici\u00f3n del v\u00ednculo. En lo inmediato, tiene previsto reunirse con Patricia Bullrich este [&hellip;]<\/p>\n","protected":false},"author":1,"featured_media":44978,"comment_status":"closed","ping_status":"closed","sticky":false,"template":"","format":"standard","meta":{"om_disable_all_campaigns":false,"_monsterinsights_skip_tracking":false,"_monsterinsights_sitenote_active":false,"_monsterinsights_sitenote_note":"","_monsterinsights_sitenote_category":0},"categories":[17,21],"tags":[],"aioseo_notices":[],"_links":{"self":[{"href":"https:\/\/economiapoliticacba.com\/index.php?rest_route=\/wp\/v2\/posts\/44977"}],"collection":[{"href":"https:\/\/economiapoliticacba.com\/index.php?rest_route=\/wp\/v2\/posts"}],"about":[{"href":"https:\/\/economiapoliticacba.com\/index.php?rest_route=\/wp\/v2\/types\/post"}],"author":[{"embeddable":true,"href":"https:\/\/economiapoliticacba.com\/index.php?rest_route=\/wp\/v2\/users\/1"}],"replies":[{"embeddable":true,"href":"https:\/\/economiapoliticacba.com\/index.php?rest_route=%2Fwp%2Fv2%2Fcomments&post=44977"}],"version-history":[{"count":0,"href":"https:\/\/economiapoliticacba.com\/index.php?rest_route=\/wp\/v2\/posts\/44977\/revisions"}],"wp:featuredmedia":[{"embeddable":true,"href":"https:\/\/economiapoliticacba.com\/index.php?rest_route=\/wp\/v2\/media\/44978"}],"wp:attachment":[{"href":"https:\/\/economiapoliticacba.com\/index.php?rest_route=%2Fwp%2Fv2%2Fmedia&parent=44977"}],"wp:term":[{"taxonomy":"category","embeddable":true,"href":"https:\/\/economiapoliticacba.com\/index.php?rest_route=%2Fwp%2Fv2%2Fcategories&post=44977"},{"taxonomy":"post_tag","embeddable":true,"href":"https:\/\/economiapoliticacba.com\/index.php?rest_route=%2Fwp%2Fv2%2Ftags&post=44977"}],"curies":[{"name":"wp","href":"https:\/\/api.w.org\/{rel}","templated":true}]}}