{"id":44971,"date":"2025-11-15T11:00:00","date_gmt":"2025-11-15T11:00:00","guid":{"rendered":"https:\/\/comercioyjusticia.info\/?p=489933"},"modified":"2025-11-15T11:00:00","modified_gmt":"2025-11-15T11:00:00","slug":"milei-nego-que-se-vaya-a-eliminar-el-monotributo","status":"publish","type":"post","link":"https:\/\/economiapoliticacba.com\/?p=44971","title":{"rendered":"Milei neg\u00f3 que se vaya a eliminar el monotributo"},"content":{"rendered":"<div><img src=\"https:\/\/comercioyjusticia.info\/wp-content\/uploads\/2025\/08\/milei-en-rosario-captura-video-1.jpg\" class=\"ff-og-image-inserted\"><\/div>\n<p>El Presidente consider\u00f3 que la versi\u00f3n fue producto de una \u201coperaci\u00f3n de delincuentes que usan la patente de periodistas\u201d. Dijo que se trabaja en una reforma tributaria y laboral pero descart\u00f3 que se analice suprimir el r\u00e9gimen simplificado para peque\u00f1os contribuyentes<\/p>\n<p>El presidente Javier Milei atribuy\u00f3 las versiones de eliminaci\u00f3n del monotributo a \u201cmentiras y operaciones de delincuentes que usan la patente de periodistas\u201d.<\/p>\n<p>\u201cEst\u00e1n trabajando los equipos y eso corresponde a la reforma tributaria y la modernizaci\u00f3n laboral, pero bajen un poco la ansiedad, los proyectos van a estar cuando tengan que estar\u201d, a\u00f1adi\u00f3 seg\u00fan supo la Agencia Noticias Argentinas.<\/p>\n<p>El mandatario se refiri\u00f3 ayer a las versiones que trascendieron sobre la eliminaci\u00f3n del monotributo que planeaba el Gobierno, en donde adem\u00e1s iba a bajar el piso de Ganancias.<\/p>\n<p>Ante esa interpretaci\u00f3n, manifest\u00f3 que es \u201cuna mentira inventada por los medios para generar ruido\u201d.<\/p>\n<p>\u201cCon tal de ensuciar al Gobierno, no tienen ning\u00fan tipo de problema de decir las mentiras y aberraciones que se les ocurran\u201d, se\u00f1al\u00f3 en di\u00e1logo con el canal de streaming Neura.<\/p>\n<p>El Jefe de Estado explic\u00f3 que esto sucede porque su administraci\u00f3n cort\u00f3 la pauta publicitaria hacia los medios de comunicaci\u00f3n. \u201cLos medios son enemigos del Gobierno\u201d, agreg\u00f3.<\/p>\n<p>Por \u00faltimo, remarc\u00f3 que \u00e9l es \u201cla principal fuente de informaci\u00f3n\u201d y volvi\u00f3 a cargar contra los \u201cperiodistas mentirosos\u201d.<\/p>\n<p>Milei no fue el \u00fanico en desmentir la supuesta eliminaci\u00f3n del monotributo. Tambi\u00e9n lo hizo el jefe de Gabinete, Manuel Adorni.<\/p>\n<p>\u201cSe est\u00e1 hablando mucho de determinados temas, entre ellos, del monotributo. Les ruego, por favor, que hasta que no haya una comunicaci\u00f3n oficial sobre el contenido de la modernizaci\u00f3n laboral, les pido que no digan cosas que no son\u201d, advirti\u00f3.<\/p>\n","protected":false},"excerpt":{"rendered":"<p>El Presidente consider\u00f3 que la versi\u00f3n fue producto de una \u201coperaci\u00f3n de delincuentes que usan la patente de periodistas\u201d. Dijo que se trabaja en una reforma tributaria y laboral pero descart\u00f3 que se analice suprimir el r\u00e9gimen simplificado para peque\u00f1os contribuyentes El presidente Javier Milei atribuy\u00f3 las versiones de eliminaci\u00f3n del monotributo a \u201cmentiras y [&hellip;]<\/p>\n","protected":false},"author":1,"featured_media":44972,"comment_status":"open","ping_status":"closed","sticky":false,"template":"","format":"standard","meta":{"om_disable_all_campaigns":false,"_monsterinsights_skip_tracking":false,"_monsterinsights_sitenote_active":false,"_monsterinsights_sitenote_note":"","_monsterinsights_sitenote_category":0},"categories":[17,21],"tags":[],"aioseo_notices":[],"_links":{"self":[{"href":"https:\/\/economiapoliticacba.com\/index.php?rest_route=\/wp\/v2\/posts\/44971"}],"collection":[{"href":"https:\/\/economiapoliticacba.com\/index.php?rest_route=\/wp\/v2\/posts"}],"about":[{"href":"https:\/\/economiapoliticacba.com\/index.php?rest_route=\/wp\/v2\/types\/post"}],"author":[{"embeddable":true,"href":"https:\/\/economiapoliticacba.com\/index.php?rest_route=\/wp\/v2\/users\/1"}],"replies":[{"embeddable":true,"href":"https:\/\/economiapoliticacba.com\/index.php?rest_route=%2Fwp%2Fv2%2Fcomments&post=44971"}],"version-history":[{"count":0,"href":"https:\/\/economiapoliticacba.com\/index.php?rest_route=\/wp\/v2\/posts\/44971\/revisions"}],"wp:featuredmedia":[{"embeddable":true,"href":"https:\/\/economiapoliticacba.com\/index.php?rest_route=\/wp\/v2\/media\/44972"}],"wp:attachment":[{"href":"https:\/\/economiapoliticacba.com\/index.php?rest_route=%2Fwp%2Fv2%2Fmedia&parent=44971"}],"wp:term":[{"taxonomy":"category","embeddable":true,"href":"https:\/\/economiapoliticacba.com\/index.php?rest_route=%2Fwp%2Fv2%2Fcategories&post=44971"},{"taxonomy":"post_tag","embeddable":true,"href":"https:\/\/economiapoliticacba.com\/index.php?rest_route=%2Fwp%2Fv2%2Ftags&post=44971"}],"curies":[{"name":"wp","href":"https:\/\/api.w.org\/{rel}","templated":true}]}}