{"id":44942,"date":"2025-11-15T22:38:58","date_gmt":"2025-11-15T22:38:58","guid":{"rendered":"https:\/\/comercioyjusticia.info\/?p=489967"},"modified":"2025-11-15T22:38:58","modified_gmt":"2025-11-15T22:38:58","slug":"condenaron-al-clan-sena-por-el-femicidio-de-cecilia-strzyzowski","status":"publish","type":"post","link":"https:\/\/economiapoliticacba.com\/?p=44942","title":{"rendered":"Condenaron al \u201cClan Sena\u201d por el femicidio de Cecilia Strzyzowski"},"content":{"rendered":"<div><img src=\"https:\/\/comercioyjusticia.info\/wp-content\/uploads\/2025\/11\/los-sena-en-el-juicio-por-la-desaparicion-de-cecilia-strzyzowski-2025113-2137099.jpg\" class=\"ff-og-image-inserted\"><\/div>\n<p>El jurado popular se pronunci\u00f3 esta tarde y declar\u00f3 culpables a seis de los siete acusados. Ahora, la jueza a cargo del caso deber\u00e1 fijar las penas que, por los delitos involucrados, ser\u00e1n perpetuas para los principales responsables. Entre los condenados est\u00e1n C\u00e9sar Sena, imputado por el femicidio de Cecilia, Emerenciano Sena, padre de C\u00e9sar, como part\u00edcipe necesario y la madre del j\u00f3ven, Marcela Acu\u00f1a, como part\u00edcipe primaria<\/p>\n<p>El jurado popular declar\u00f3 culpable a seis de los siete acusados por el femicidio de Cecilia Strzyzowski y as\u00ed, la \u00fanica declarada \u201cno culpable\u201d fue Griselda Reinoso que qued\u00f3 en libertad.<\/p>\n<p>Seg\u00fan supo la Agencia Noticias Argentinas, las imputaciones por el caso se dieron a conocer esta tarde y los miembros del jurado concluyeron su labor frente al tribunal<\/p>\n<p>Finalmente y tras varias horas de deliberaci\u00f3n, el principal imputado fue C\u00e9sar Sena que fue declarado culpable por el femicidio, mientras que su padre, Emerenciano Sena, obtuvo su culpabilidad por part\u00edcipe necesario y la madre del joven, Marcela Acu\u00f1a, lo fue en car\u00e1cter de part\u00edcipe primaria. El clan fue condenado a Cadena Perpetua.<\/p>\n<p>Por su parte, Gustavo Obreg\u00f3n fue declarado culpable por encubrimiento al igual que Gustavo Melgarejo y Fabiana Gonz\u00e1lez, quien adem\u00e1s recibi\u00f3 un agravante.<\/p>\n<p>\u201cEn los pr\u00f3ximos d\u00edas se fijar\u00e1 la audiencia de cesura\u201d, consign\u00f3 en di\u00e1logo con la prensa Gustavo Briend, abogado de Gloria Romero -madre de la damnificada-.<\/p>\n<p>Por su parte, Ricardo Osuna, uno de los defensores de Emerenciano, convers\u00f3 con NA y confirm\u00f3 que va a apelar: \u201cMi cliente est\u00e1 normal, era una de las posibilidades del veredicto\u201d.<\/p>\n<p>El letrado agreg\u00f3 que Acu\u00f1a \u201cest\u00e1 tranquila\u201d porque \u201cya sab\u00eda\u201d que el jurado iba a declarar su culpabilidad.<\/p>\n<p>Deliberaci\u00f3n<\/p>\n<p>Tras la lectura del veredicto, la jueza&nbsp; Dolly Fern\u00e1ndez les inform\u00f3 a los jurados que la ley les impone que no revelen jam\u00e1s lo que ha sucedido en la sala de deliberaciones. En l\u00ednea con ello, les pidi\u00f3 que eviten contacto con la prensa. \u201cNo les deben ninguna explicaci\u00f3n o justificaci\u00f3n a nadie\u201d, les indic\u00f3.<\/p>\n<p>Las penas que cumplir\u00e1n cada uno ser\u00e1n determinadas en una audiencia de cesura que convocar\u00e1 la jueza Fern\u00e1ndez en los pr\u00f3ximos d\u00edas.<\/p>\n<p>El jurado popular comenz\u00f3 a deliberar el viernes al mediod\u00eda. Estaba previsto que la resoluci\u00f3n se conociera antes de las 20 horas de ayer. Sin embargo, no llegaron a una definici\u00f3n, por lo que se resolvi\u00f3 un receso hasta hoy s\u00e1bado, en horas de la ma\u00f1ana, para continuar.<\/p>\n<p>\u201cEn casos complejos como este, con tantos imputados, testigos y opciones de veredictos, es normal que se extienda el debate\u201d, explicaron fuentes judiciales.<\/p>\n<p>En la jornada de ayer, la \u00faltima del juicio, la jueza Fern\u00e1ndez le ley\u00f3 al jurado una sinopsis de lo ocurrido, as\u00ed como las distintas opciones de veredicto para cada imputado y qu\u00e9 caracter\u00edsticas tiene cada una. Luego, el jurado popular comenz\u00f3 a deliberar.<\/p>\n<p>Seg\u00fan lo establecido, el tribunal popular tiene un m\u00ednimo de dos horas para debatir y llegar a un resultado. \u201cEl veredicto al que llegue el jurado debe ser un\u00e1nime\u201d, dice la Justicia. Sin embargo, ante la complejidad del caso, la expectativa y la cantidad de acusados, la decisi\u00f3n tard\u00f3 m\u00e1s de lo esperado y se posterg\u00f3 hasta hoy.<\/p>\n<p>El final del juicio lleg\u00f3 tras casi dos semanas en las que el tribunal popular escuch\u00f3 testimonios, aportes de pruebas materiales y cruces entre la fiscal\u00eda, la querella y las defensas.<\/p>\n<p>Durante la etapa de alegatos, el fiscal de C\u00e1mara, Juan Mart\u00edn Bogado, hab\u00eda pedido la condena de los principales acusados. Puso el foco en la conflictiva relaci\u00f3n entre Cecilia y los Sena, y sostuvo que existi\u00f3 una maniobra deliberada para manipular y enga\u00f1ar a la v\u00edctima.<\/p>\n<p>En sus palabras, la joven \u201ccre\u00eda que iba a ser feliz con C\u00e9sar Sena\u201d, pero \u201clamentablemente, se cruz\u00f3 con las personas equivocadas\u201d. La fiscal\u00eda reconstruy\u00f3 el contexto de violencia y los \u00faltimos d\u00edas de la v\u00edctima, respald\u00e1ndose en mensajes, testimonios y pericias.<\/p>\n<p>Los imputados, por su parte, siempre buscaron desligarse de las acusaciones. Emerenciano neg\u00f3 toda responsabilidad y sostuvo ante el jurado: \u201cNo tuve absolutamente nada que ver\u201d. Adem\u00e1s, relat\u00f3 su trayectoria social y los or\u00edgenes del barrio que lleva su nombre.<\/p>\n<p>Acu\u00f1a, en cambio, admiti\u00f3 haber intentado proteger a su hijo, reconociendo que actu\u00f3 \u201ccomo mam\u00e1\u201d, aunque reiter\u00f3 su inocencia respecto del crimen. Ayer, horas antes del veredicto, pidi\u00f3 la intervenci\u00f3n del Poder Judicial chaque\u00f1o y denunci\u00f3 manipulaci\u00f3n pol\u00edtica en la causa.<\/p>\n<p>\u201cCon respecto a la causa, s\u00ed quer\u00eda tambi\u00e9n decirles a todos que as\u00ed yo quede condenada, hago el compromiso p\u00fablico de seguir luchando por todas las compa\u00f1eras y compa\u00f1eros que no tienen trabajo, por todos los compa\u00f1eros y compa\u00f1eras que hoy no tienen un plato de comida en su casa. Y tambi\u00e9n para que el Poder Judicial de la provincia del Chaco sea intervenido por el desastre que hicieron con esta causa, que ojal\u00e1 no siente una jurisprudencia\u201d, dijo la dirigente piquetera.<\/p>\n<p>El tribunal popular escuch\u00f3 a todos los acusados, quienes tuvieron la chance de dar sus \u00faltimas palabras. C\u00e9sar Sena opt\u00f3 por guardar silencio hasta el final del proceso. Ahora son ellos, quienes deber\u00e1n hablar.<\/p>\n","protected":false},"excerpt":{"rendered":"<p>El jurado popular se pronunci\u00f3 esta tarde y declar\u00f3 culpables a seis de los siete acusados. Ahora, la jueza a cargo del caso deber\u00e1 fijar las penas que, por los delitos involucrados, ser\u00e1n perpetuas para los principales responsables. Entre los condenados est\u00e1n C\u00e9sar Sena, imputado por el femicidio de Cecilia, Emerenciano Sena, padre de C\u00e9sar, [&hellip;]<\/p>\n","protected":false},"author":1,"featured_media":44943,"comment_status":"open","ping_status":"closed","sticky":false,"template":"","format":"standard","meta":{"om_disable_all_campaigns":false,"_monsterinsights_skip_tracking":false,"_monsterinsights_sitenote_active":false,"_monsterinsights_sitenote_note":"","_monsterinsights_sitenote_category":0},"categories":[21],"tags":[],"aioseo_notices":[],"_links":{"self":[{"href":"https:\/\/economiapoliticacba.com\/index.php?rest_route=\/wp\/v2\/posts\/44942"}],"collection":[{"href":"https:\/\/economiapoliticacba.com\/index.php?rest_route=\/wp\/v2\/posts"}],"about":[{"href":"https:\/\/economiapoliticacba.com\/index.php?rest_route=\/wp\/v2\/types\/post"}],"author":[{"embeddable":true,"href":"https:\/\/economiapoliticacba.com\/index.php?rest_route=\/wp\/v2\/users\/1"}],"replies":[{"embeddable":true,"href":"https:\/\/economiapoliticacba.com\/index.php?rest_route=%2Fwp%2Fv2%2Fcomments&post=44942"}],"version-history":[{"count":0,"href":"https:\/\/economiapoliticacba.com\/index.php?rest_route=\/wp\/v2\/posts\/44942\/revisions"}],"wp:featuredmedia":[{"embeddable":true,"href":"https:\/\/economiapoliticacba.com\/index.php?rest_route=\/wp\/v2\/media\/44943"}],"wp:attachment":[{"href":"https:\/\/economiapoliticacba.com\/index.php?rest_route=%2Fwp%2Fv2%2Fmedia&parent=44942"}],"wp:term":[{"taxonomy":"category","embeddable":true,"href":"https:\/\/economiapoliticacba.com\/index.php?rest_route=%2Fwp%2Fv2%2Fcategories&post=44942"},{"taxonomy":"post_tag","embeddable":true,"href":"https:\/\/economiapoliticacba.com\/index.php?rest_route=%2Fwp%2Fv2%2Ftags&post=44942"}],"curies":[{"name":"wp","href":"https:\/\/api.w.org\/{rel}","templated":true}]}}