{"id":44940,"date":"2025-11-15T23:33:54","date_gmt":"2025-11-15T23:33:54","guid":{"rendered":"https:\/\/comercioyjusticia.info\/?p=489971"},"modified":"2025-11-15T23:33:54","modified_gmt":"2025-11-15T23:33:54","slug":"incendio-en-ezeiza-tras-el-impacto-del-siniestro-la-justicia-demora-el-inicio-de-las-pericias","status":"publish","type":"post","link":"https:\/\/economiapoliticacba.com\/?p=44940","title":{"rendered":"Incendio en Ezeiza: tras el impacto del siniestro, la Justicia demora el inicio de las pericias"},"content":{"rendered":"<div><img src=\"https:\/\/comercioyjusticia.info\/wp-content\/uploads\/2025\/11\/incendio_1.webp\" class=\"ff-og-image-inserted\"><\/div>\n<p>Reci\u00e9n el lunes podr\u00e1 iniciarse la investigaci\u00f3n para conocer las causas del hecho. La explosi\u00f3n y posterior incendio que afect\u00f3 a numerosas empresas ubicadas en el Polo Industrial Carlos Spegazzini, en Ezeiza, dej\u00f3 20 heridos y millonarios da\u00f1os materiales. Descartaron que el intenso humo no incluy\u00f3 una nube t\u00f3xica<\/p>\n<p>Tras el feroz incendio que se desat\u00f3 el viernes por la noche en un dep\u00f3sito del polo industrial de Ezeiza, la Justicia determin\u00f3 que hasta el lunes no se podr\u00e1n realizar las pericias para conocer los detalles de c\u00f3mo se inici\u00f3 el siniestro.<\/p>\n<p>El brutal impacto de una serie de explosiones e incendios en el Pol\u00edgono Industrial, puso en primer plano la relevancia de este enclave productivo situado en Carlos Spegazzini, al sudoeste del Gran Buenos Aires, en el partido de Ezeiza.<\/p>\n<p>La onda expansiva de las detonaciones, que no alcanz\u00f3 a todas las plantas del \u00e1rea, dej\u00f3 como saldo m\u00e1s de 20 heridos, aunque la mayor\u00eda ya hab\u00eda sido dado de alta en la ma\u00f1ana de este s\u00e1bado. Adem\u00e1s, hubo da\u00f1os materiales considerables y reaviv\u00f3 la atenci\u00f3n sobre la infraestructura y la din\u00e1mica empresarial de la zona.<\/p>\n<p>El fuego que se inici\u00f3 en el recinto de la empresa Logischem, se propag\u00f3 a varias compa\u00f1\u00edas cercanas, entre ellas Iron Mountain, Larroca Minera, Almac\u00e9n de Fr\u00edo, Aditivos Alimentarios y Sinteplast, causando da\u00f1os significativos a las instalaciones y afectando viviendas cercanas.&nbsp;<\/p>\n<p>Las autoridades a\u00fan no pueden establecer las causas del siniestro, ya que las pericias est\u00e1n pendientes hasta que se complete el operativo de contenci\u00f3n, que podr\u00eda extenderse hasta el lunes. M\u00e1s de 500 trabajadores, junto con 70 dotaciones de bomberos, participan del operativo, respaldados por ambulancias, Polic\u00eda Federal, Bonaerense y personal de Defensa Civil.<\/p>\n<p>La fiscal Florencia Belloc, de la UFI 1 de Ezeiza, encabezar\u00e1 la investigaci\u00f3n junto a Bomberos y Polic\u00eda Cient\u00edfica bonaerense. Roberto Weiss, presidente de la Uni\u00f3n Industrial de Ezeiza, describi\u00f3 el incendio como \u201cdantesco\u201d y se\u00f1al\u00f3 que el fuego destruy\u00f3 estructuras y materiales qu\u00edmicos de varias empresas.<\/p>\n<p>El director de Defensa Civil bonaerense, Fabi\u00e1n Garc\u00eda, aclar\u00f3 que no hubo riesgo de nube t\u00f3xica para la poblaci\u00f3n, aunque advirti\u00f3 sobre part\u00edculas suspendidas en el aire que podr\u00edan afectar en caso de exposici\u00f3n prolongada.<\/p>\n<p>Por otra parte, vecinos en zonas alejadas al siniestro, aseguraron a Noticias Argentinas que debido a la magnitud del hecho, pudieron sentir los efectos del incendio.&nbsp;<\/p>\n<p>El inicio<\/p>\n<p>El incendio comenz\u00f3 alrededor de las 21 horas del viernes en un dep\u00f3sito de la firma Logischem, que realiza log\u00edstica de agroqu\u00edmicos, ubicada frente a un dep\u00f3sito de otra empresa, Iron Mountain, que archiva documentaci\u00f3n y es recordada por el tr\u00e1gico incendio en Barracas en 2014, hecho en el que murieron 10 bomberos y otros siete resultados con heridas de gravedad.<\/p>\n<p>Esta ma\u00f1ana, m\u00e1s de nueve horas despu\u00e9s de la explosi\u00f3n, desde el municipio de Ezeiza afirmaron que las empresas afectadas fueron, aparte de la dos ya mencionada, Larocca Miner\u00eda (que brinda soluciones integrales de neum\u00e1ticos) y destrozos en Almac\u00e9n de Fr\u00edo, El Bahiense Aditivos Alimentarios y un sector de la Distribuidora Salon.<\/p>\n<p>La magnitud de las explosiones, viralizadas en varios videos de vecinos y empleados de la planta, qued\u00f3 reflejada en el testimonio de uno de los empleados de Sinteplast, que desminti\u00f3 que su planta haya sido alcanzada por el fuego, y relat\u00f3 a TN: \u201cLa explosi\u00f3n vol\u00f3 todo. Volaron portones, cielorrasos, algunas estructuras y ca\u00f1er\u00edas de incendios. Fue una explosi\u00f3n terrible, a la f\u00e1brica nuestra no lleg\u00f3, pero la onda expansiva nos movi\u00f3 todo\u201d. Este relato ilustra el alcance del evento y la r\u00e1pida intervenci\u00f3n de los equipos de emergencia.<\/p>\n<p>La ciudad de Carlos Spegazzini, del partido de Ezeiza, se consolid\u00f3 como uno de los polos productivos m\u00e1s relevantes de la zona sur del Gran Buenos Aires, en parte gracias a su infraestructura y a la integraci\u00f3n con el entorno urbano y natural.<\/p>\n<p>Del otro lado de la autopista, est\u00e1 emplazado el Polo Industrial Spegazzini, inaugurado en 2019. Seg\u00fan la informaci\u00f3n publicada en el sitio oficial de la compa\u00f1\u00eda, la firma se posicion\u00f3 como un referente en la construcci\u00f3n y administraci\u00f3n de parques industriales en Argentina, que recientemente inaugur\u00f3 uno en Trist\u00e1n Su\u00e1rez y cuya firma desarroll\u00f3 los polos industriales de Bernal y Ezeiza.<\/p>\n","protected":false},"excerpt":{"rendered":"<p>Reci\u00e9n el lunes podr\u00e1 iniciarse la investigaci\u00f3n para conocer las causas del hecho. La explosi\u00f3n y posterior incendio que afect\u00f3 a numerosas empresas ubicadas en el Polo Industrial Carlos Spegazzini, en Ezeiza, dej\u00f3 20 heridos y millonarios da\u00f1os materiales. Descartaron que el intenso humo no incluy\u00f3 una nube t\u00f3xica Tras el feroz incendio que se [&hellip;]<\/p>\n","protected":false},"author":1,"featured_media":44941,"comment_status":"open","ping_status":"closed","sticky":false,"template":"","format":"standard","meta":{"om_disable_all_campaigns":false,"_monsterinsights_skip_tracking":false,"_monsterinsights_sitenote_active":false,"_monsterinsights_sitenote_note":"","_monsterinsights_sitenote_category":0},"categories":[21],"tags":[],"aioseo_notices":[],"_links":{"self":[{"href":"https:\/\/economiapoliticacba.com\/index.php?rest_route=\/wp\/v2\/posts\/44940"}],"collection":[{"href":"https:\/\/economiapoliticacba.com\/index.php?rest_route=\/wp\/v2\/posts"}],"about":[{"href":"https:\/\/economiapoliticacba.com\/index.php?rest_route=\/wp\/v2\/types\/post"}],"author":[{"embeddable":true,"href":"https:\/\/economiapoliticacba.com\/index.php?rest_route=\/wp\/v2\/users\/1"}],"replies":[{"embeddable":true,"href":"https:\/\/economiapoliticacba.com\/index.php?rest_route=%2Fwp%2Fv2%2Fcomments&post=44940"}],"version-history":[{"count":0,"href":"https:\/\/economiapoliticacba.com\/index.php?rest_route=\/wp\/v2\/posts\/44940\/revisions"}],"wp:featuredmedia":[{"embeddable":true,"href":"https:\/\/economiapoliticacba.com\/index.php?rest_route=\/wp\/v2\/media\/44941"}],"wp:attachment":[{"href":"https:\/\/economiapoliticacba.com\/index.php?rest_route=%2Fwp%2Fv2%2Fmedia&parent=44940"}],"wp:term":[{"taxonomy":"category","embeddable":true,"href":"https:\/\/economiapoliticacba.com\/index.php?rest_route=%2Fwp%2Fv2%2Fcategories&post=44940"},{"taxonomy":"post_tag","embeddable":true,"href":"https:\/\/economiapoliticacba.com\/index.php?rest_route=%2Fwp%2Fv2%2Ftags&post=44940"}],"curies":[{"name":"wp","href":"https:\/\/api.w.org\/{rel}","templated":true}]}}