{"id":44915,"date":"2025-11-14T21:10:00","date_gmt":"2025-11-14T21:10:00","guid":{"rendered":"https:\/\/economiapoliticacba.com\/?p=44915"},"modified":"2025-11-14T21:10:00","modified_gmt":"2025-11-14T21:10:00","slug":"la-santileta-llego-a-mendoza-apoyo-de-cornejo-y-pedidos-por-obras-clave","status":"publish","type":"post","link":"https:\/\/economiapoliticacba.com\/?p=44915","title":{"rendered":"La &#8220;Santileta&#8221; lleg\u00f3 a Mendoza: apoyo de Cornejo y pedidos por obras clave"},"content":{"rendered":"<p><span class=\"date\">14 noviembre de 2025<\/span> <\/p>\n<p>El ministro del Interior, <strong>Diego Santilli<\/strong>, <a href=\"https:\/\/eleconomista.com.ar\/politica\/juro-salio-gira-santilli-suma-apoyos-acerca-aprobacion-presupuesto-n90511\" target=\"_blank\" rel=\"noopener\">contin\u00faa su gira por las provincias<\/a> con el objetivo de acercarse a la aprobaci\u00f3n del presupuesto 2026 y de las reformas laboral, tributaria y penal. Este viernes viaj\u00f3 a <strong>Mendoza <\/strong>para reunirse con el gobernador <strong>Alfredo Cornejo<\/strong> y el s\u00e1bado har\u00e1 lo propio con <strong>Rolando Figueroa<\/strong> en <strong>Neuqu\u00e9n<\/strong>.<\/p>\n<p>Junto al gobernador, <mark class=\"marker-yellow\"><strong>Santilli repas\u00f3 que el proyecto de presupuesto contempla un incremento del 40% en la obra p\u00fablica, uno de los principales reclamos que recibi\u00f3 en la ronda de encuentros con mandatarios<\/strong><\/mark>. Tambi\u00e9n destac\u00f3 otros ejes de la &#8220;ley de leyes&#8221;, entre ellos una mayor asignaci\u00f3n a educaci\u00f3n, salud y jubilaciones y la prohibici\u00f3n de financiamiento del Banco Central. &#8220;Necesitamos un presupuesto claro y contundente que marque el norte&#8221;, sostuvo.<\/p>\n<p>Cornejo, aliado de la Casa Rosada -sell\u00f3 un acuerdo con La Libertad Avanza para las elecciones de octubre, en las que triunfaron por m\u00e1s de 28 puntos de diferencia-, respald\u00f3 las reformas impulsadas por el Gobierno: &#8220;Hemos estado conversando con el ministro sobre las oportunidades que se abren para la Argentina en materia de reformas estructurales. El ministro est\u00e1 buscando el apoyo de los gobernadores que quieren estas reformas. <strong>Argentina necesita estas reformas y yo soy uno de los que promueve estas reformas estructurales.<\/strong> Solo con lograr el equilibrio fiscal no va a crecer; es condici\u00f3n sine qua non, pero no suficiente&#8221;.<\/p>\n<p>A\u00fan con su cercan\u00eda al oficialismo, el gobernador aprovech\u00f3 la reuni\u00f3n para <strong>insistir en la reactivaci\u00f3n de obras viales detenidas<\/strong>, como la Ruta 40 y la Ruta 7. <a href=\"https:\/\/eleconomista.com.ar\/economia\/quirno-acelera-mercado-vuelve-91-santilli-excluye-40-maldicion-larreta-n90529\" target=\"_blank\" rel=\"noopener\">Santilli asegur\u00f3 que seguir\u00e1 gestionando los pedidos<\/a> presentados por Mendoza y adelant\u00f3 que elevar\u00e1 los temas para darles continuidad.<\/p>\n<p>En paralelo, <strong>Cornejo celebr\u00f3 el <\/strong><a href=\"https:\/\/eleconomista.com.ar\/economia\/acuerdo-historico-eeuu-argentina-sellan-pacto-revoluciona-comercio-bilateral-n90506\" target=\"_blank\" rel=\"noopener\"><strong>reciente acuerdo con Estados Unidos<\/strong><\/a>: &#8220;Todo acuerdo con pa\u00edses de grandes consumidores de productos que la Argentina tiene, y Mendoza tiene, son beneficiosos para nosotros&#8221;. Tambi\u00e9n anunci\u00f3 la autorizaci\u00f3n del pr\u00e9stamo de Fonplata por US$ 75 millones para obras de agua potable en la provincia. Agradeci\u00f3 la intervenci\u00f3n del ministro para destrabar la etapa final del financiamiento.<\/p>\n<figure class=\"image\"><img loading=\"lazy\" width=\"100\" height=\"100\" class=\"cst_img\" src=\"http:\/\/economiapoliticacba.com\/wp-content\/uploads\/2025\/11\/la-santileta-llego-a-mendoza-apoyo-de-cornejo-y-pedidos-por-obras-clave.webp\" alt=\"Cornejo Santilli\"><figcaption>El gobernador de Mendoza, Alfredo Cornejo, y el ministro del Interior, Diego Santilli<\/figcaption><\/figure>\n<div class=\"rela\">\n<div class=\"pic\"> <a href=\"https:\/\/eleconomista.com.ar\/politica\/la-santileta-empezo-su-gira-frigerio-rios-n90440\" title=\"La &quot;Santileta&quot; empez\u00f3 su gira con Frigerio en Entre R\u00edos\"><img src=\"http:\/\/economiapoliticacba.com\/wp-content\/uploads\/2025\/11\/la-santileta-llego-a-mendoza-apoyo-de-cornejo-y-pedidos-por-obras-clave-1.webp\" alt=\"La &quot;Santileta&quot; empez\u00f3 su gira con Frigerio en Entre R\u00edos\" loading=\"lazy\"><\/a> <\/div><\/div>\n<p>Tras su paso por Mendoza, <a href=\"https:\/\/eleconomista.com.ar\/politica\/tras-jurar-como-ministro-interior-santilli-inicia-una-gira-negociaciones-clave-gobernadores-n90404\" target=\"_blank\" rel=\"noopener\">Santilli se dirige hacia Neuqu\u00e9n<\/a> para reunirse con Figueroa. El mandatario neuquino estar\u00eda evaluando acompa\u00f1ar el presupuesto siempre que se resguarden los intereses provinciales y tendr\u00eda previsto llevar reclamos puntuales al encuentro. <mark class=\"marker-yellow\"><strong>Con ese di\u00e1logo, Santilli habr\u00e1 mantenido nueve reuniones con gobernadores en apenas nueve d\u00edas.<\/strong><\/mark><\/p>\n<p>Todos los encuentros compartieron denominadores comunes: consenso en la necesidad de aprobar un <strong>presupuesto<\/strong>, ciertos reparos frente a <strong>reformas <\/strong>cuyos detalles a\u00fan no conocen y pedidos vinculados a <strong>obra p\u00fablica y fondos<\/strong>.<\/p>\n<h4>Los gobernadores con los que se reuni\u00f3 Santilli:<\/h4>\n<ul>\n<li>Ignacio Torres (Chubut)<\/li>\n<li>Ra\u00fal Jalil (Catamarca)<\/li>\n<li>Marcelo Orrego (San Juan)<\/li>\n<li>Mart\u00edn Llaryora (C\u00f3rdoba)<\/li>\n<li>Rogelio Frigerio (Entre R\u00edos)<\/li>\n<li>Gustavo S\u00e1enz (Salta)<\/li>\n<li>Osvaldo Jaldo (Tucum\u00e1n)<\/li>\n<li>Alfredo Cornejo (Mendoza)<\/li>\n<li>Rolando Figueroa (Neuqu\u00e9n) &#8211; Este s\u00e1bado<\/li>\n<\/ul>\n","protected":false},"excerpt":{"rendered":"<p>14 noviembre de 2025 El ministro del Interior, Diego Santilli, contin\u00faa su gira por las provincias con el objetivo de acercarse a la aprobaci\u00f3n del presupuesto 2026 y de las reformas laboral, tributaria y penal. Este viernes viaj\u00f3 a Mendoza para reunirse con el gobernador Alfredo Cornejo y el s\u00e1bado har\u00e1 lo propio con Rolando [&hellip;]<\/p>\n","protected":false},"author":1,"featured_media":44916,"comment_status":"closed","ping_status":"closed","sticky":false,"template":"","format":"standard","meta":{"om_disable_all_campaigns":false,"_monsterinsights_skip_tracking":false,"_monsterinsights_sitenote_active":false,"_monsterinsights_sitenote_note":"","_monsterinsights_sitenote_category":0},"categories":[17,21],"tags":[],"aioseo_notices":[],"_links":{"self":[{"href":"https:\/\/economiapoliticacba.com\/index.php?rest_route=\/wp\/v2\/posts\/44915"}],"collection":[{"href":"https:\/\/economiapoliticacba.com\/index.php?rest_route=\/wp\/v2\/posts"}],"about":[{"href":"https:\/\/economiapoliticacba.com\/index.php?rest_route=\/wp\/v2\/types\/post"}],"author":[{"embeddable":true,"href":"https:\/\/economiapoliticacba.com\/index.php?rest_route=\/wp\/v2\/users\/1"}],"replies":[{"embeddable":true,"href":"https:\/\/economiapoliticacba.com\/index.php?rest_route=%2Fwp%2Fv2%2Fcomments&post=44915"}],"version-history":[{"count":0,"href":"https:\/\/economiapoliticacba.com\/index.php?rest_route=\/wp\/v2\/posts\/44915\/revisions"}],"wp:featuredmedia":[{"embeddable":true,"href":"https:\/\/economiapoliticacba.com\/index.php?rest_route=\/wp\/v2\/media\/44916"}],"wp:attachment":[{"href":"https:\/\/economiapoliticacba.com\/index.php?rest_route=%2Fwp%2Fv2%2Fmedia&parent=44915"}],"wp:term":[{"taxonomy":"category","embeddable":true,"href":"https:\/\/economiapoliticacba.com\/index.php?rest_route=%2Fwp%2Fv2%2Fcategories&post=44915"},{"taxonomy":"post_tag","embeddable":true,"href":"https:\/\/economiapoliticacba.com\/index.php?rest_route=%2Fwp%2Fv2%2Ftags&post=44915"}],"curies":[{"name":"wp","href":"https:\/\/api.w.org\/{rel}","templated":true}]}}