{"id":44913,"date":"2025-11-14T23:18:00","date_gmt":"2025-11-14T23:18:00","guid":{"rendered":"https:\/\/economiapoliticacba.com\/?p=44913"},"modified":"2025-11-14T23:18:00","modified_gmt":"2025-11-14T23:18:00","slug":"las-nuevas-relaciones-carnales-el-acuerdo-milei-trump-y-el-inedito-involucramiento-de-eeuu","status":"publish","type":"post","link":"https:\/\/economiapoliticacba.com\/?p=44913","title":{"rendered":"Las nuevas relaciones carnales: el acuerdo Milei-Trump y el in\u00e9dito involucramiento de EEUU"},"content":{"rendered":"<p>Las <strong>nuevas relaciones carnales<\/strong> quedaron plasmadas en el <a href=\"https:\/\/eleconomista.com.ar\/economia\/acuerdo-historico-eeuu-argentina-sellan-pacto-revoluciona-comercio-bilateral-n90506\" target=\"_blank\" rel=\"noopener\"><strong>Acuerdo sobre Comercio Rec\u00edproco e Inversiones<\/strong><\/a> alcanzado por <strong>Argentina y Estados Unidos<\/strong>. Con este &#8220;hist\u00f3rico entendimiento&#8221; -seg\u00fan lo defini\u00f3 el Gobierno- <strong>Javier Milei<\/strong> profundiz\u00f3 a\u00fan m\u00e1s su cercan\u00eda con <strong>Donald Trump<\/strong>.<\/p>\n<p><mark class=\"marker-yellow\"><strong>&#8220;El gobierno de Milei est\u00e1 atando toda su suerte al gobierno de Trump y el gobierno de Trump est\u00e1 haciendo una apuesta&#8221;<\/strong><\/mark>, sintetiz\u00f3 el analista Carlos Fara en di\u00e1logo con<strong> El Economista<\/strong>. Pero el alineamiento no comenz\u00f3 este jueves.<\/p>\n<p>El nivel de presencia estadounidense en la previa electoral fue in\u00e9dito. &#8220;No recuerdo en mi vida haber visto un nivel de <strong>involucramiento <\/strong>en lo pol\u00edtico, lo econ\u00f3mico, lo financiero y lo diplom\u00e1tico del gobierno de EEUU en un <a href=\"https:\/\/eleconomista.com.ar\/politica\/si-pierde-seremos-generosos-frase-trump-desato-una-ola-reacciones-arco-politico-n89483\" target=\"_blank\" rel=\"noopener\"><strong>proceso electoral<\/strong> domestico de Argentina<\/a>&#8220;, repas\u00f3 el exembajador Jorge Arg\u00fcello en <strong>El Economista TV<\/strong>.<\/p>\n<p><iframe loading=\"lazy\" width=\"560\" height=\"315\" src=\"https:\/\/www.youtube.com\/embed\/Nl2ZJJ80r5o?si=eHPPwZae5-seacYb\" title=\"YouTube video player\" frameborder=\"0\" allow=\"accelerometer; autoplay; clipboard-write; encrypted-media; gyroscope; picture-in-picture; web-share\" referrerpolicy=\"strict-origin-when-cross-origin\" allowfullscreen>[embedded content]<\/iframe><\/p>\n<p>En cuanto al impacto social, las lecturas se dividen. Lo cierto es que, con el respaldo expl\u00edcito de Trump, Milei lleg\u00f3 fortalecido a las urnas. &#8220;El acuerdo con Trump tuvo un efecto positivo en el ultimo tramo [de campa\u00f1a]. Esto no cambia la imagen general de Trump que existe en Argentina. <mark class=\"marker-yellow\"><strong>Siempre los tratados de libre comercio en Argentina son vistos con un poco de resquemor, sobre todo despu\u00e9s de la experiencia de la d\u00e9cada del 90<\/strong><\/mark>&#8220;, agreg\u00f3 Fara. Ese recelo hist\u00f3rico convive, sin embargo, con otras se\u00f1ales m\u00e1s recientes.<\/p>\n<div class=\"rela\">\n<div class=\"pic\"> <a href=\"https:\/\/eleconomista.com.ar\/finanzas\/el-acuerdo-eeuu-abre-oportunidades-amenazas-productos-argentinos-ex-ministro-economia-n90549\" title=\"El acuerdo con EEUU abre oportunidades y amenazas para los productos argentinos, seg\u00fan un ex ministro de Econom\u00eda\"><img src=\"http:\/\/economiapoliticacba.com\/wp-content\/uploads\/2025\/11\/las-nuevas-relaciones-carnales-el-acuerdo-milei-trump-y-el-inedito-involucramiento-de-eeuu.webp\" alt=\"El acuerdo con EEUU abre oportunidades y amenazas para los productos argentinos, seg\u00fan un ex ministro de Econom\u00eda\" loading=\"lazy\"><\/a> <\/div><\/div>\n<p>Un informe de Casa Tres registr\u00f3 entre febrero y octubre un <strong>aumento de cinco puntos en la imagen positiva de Trump<\/strong> y una ca\u00edda de siete puntos en la negativa. Zuban C\u00f3rdoba, por su parte, tambi\u00e9n relev\u00f3 un incremento de cinco puntos en la imagen positiva -en su medici\u00f3n de septiembre 2024 a septiembre 2025- aunque se\u00f1ala, a la vez, un aumento de cinco puntos en la negativa.<\/p>\n<p>Las 14 visitas de Milei a Estados Unidos ilustran la intensidad del alineamiento. &#8220;Se logr\u00f3 un acuerdo hist\u00f3rico con Estados Unidos: menos aranceles y m\u00e1s mercados para seguir creciendo. <strong>Ah pero, Milei viajaba demasiado&#8230;<\/strong>&#8220;, ironiz\u00f3 el ministro del Interior, <strong>Diego Santilli<\/strong>. El Presidente podr\u00eda <strong>volver a viajar<\/strong> en las pr\u00f3ximas semanas para firmar el acuerdo y habilitar su entrada en vigor.<\/p>\n<div class=\"rela\">\n<div class=\"pic\"> <a href=\"https:\/\/eleconomista.com.ar\/politica\/este-acuerdo-pega-lleno-provincia-dura-critica-kicillof-acuerdo-eeuu-n90537\" title=\"&quot;Este acuerdo pega de lleno en la Provincia&quot;: dura cr\u00edtica de Kicillof al acuerdo con EE.UU.\"><img src=\"http:\/\/economiapoliticacba.com\/wp-content\/uploads\/2025\/11\/las-nuevas-relaciones-carnales-el-acuerdo-milei-trump-y-el-inedito-involucramiento-de-eeuu-1.webp\" alt=\"&quot;Este acuerdo pega de lleno en la Provincia&quot;: dura cr\u00edtica de Kicillof al acuerdo con EE.UU.\" loading=\"lazy\"><\/a> <\/div><\/div>\n<p>Milei cuenta con una ventaja: todo su mandato transcurrir\u00e1 en paralelo a la administraci\u00f3n de Trump. Pero ese aparente beneficio convive con un recordatorio: ambos l\u00edderes han demostrado que pueden <strong>romper alianzas<\/strong> con la misma velocidad con la que las construyen.<\/p>\n<figure class=\"image\"><img loading=\"lazy\" width=\"100\" height=\"100\" class=\"cst_img\" src=\"http:\/\/economiapoliticacba.com\/wp-content\/uploads\/2025\/11\/las-nuevas-relaciones-carnales-el-acuerdo-milei-trump-y-el-inedito-involucramiento-de-eeuu-2.webp\" alt=\"trump musk\"><figcaption>Elon Musk, a quien se proyectaba como el encargado oficial de recortar el gasto p\u00fablico, termin\u00f3 enfrentado con Trump apenas cinco meses despu\u00e9s de su asunci\u00f3n<\/figcaption><\/figure>\n<p>La C\u00e1mara de Exportadores de la Rep\u00fablica Argentina aport\u00f3 un matiz. Record\u00f3 que el acuerdo con Argentina se anunci\u00f3 el mismo d\u00eda que otros con El Salvador, Ecuador y Guatemala, y que Washington los present\u00f3 como <strong>&#8220;acuerdos comerciales hist\u00f3ricos con socios del Hemisferio Occidental&#8221;<\/strong>, en sinton\u00eda con los &#8220;triunfos hist\u00f3ricos&#8221; que Trump exhibi\u00f3 tras su gira por Asia. En otras palabras, Argentina forma parte de un paquete m\u00e1s amplio y no de una excepci\u00f3n estrat\u00e9gica. Y aunque hoy se conoce m\u00e1s que antes, la <strong>letra chica<\/strong> del pacto contin\u00faa sin revelarse por completo.<\/p>\n","protected":false},"excerpt":{"rendered":"<p>Las nuevas relaciones carnales quedaron plasmadas en el Acuerdo sobre Comercio Rec\u00edproco e Inversiones alcanzado por Argentina y Estados Unidos. Con este &#8220;hist\u00f3rico entendimiento&#8221; -seg\u00fan lo defini\u00f3 el Gobierno- Javier Milei profundiz\u00f3 a\u00fan m\u00e1s su cercan\u00eda con Donald Trump. &#8220;El gobierno de Milei est\u00e1 atando toda su suerte al gobierno de Trump y el gobierno [&hellip;]<\/p>\n","protected":false},"author":1,"featured_media":44914,"comment_status":"closed","ping_status":"closed","sticky":false,"template":"","format":"standard","meta":{"om_disable_all_campaigns":false,"_monsterinsights_skip_tracking":false,"_monsterinsights_sitenote_active":false,"_monsterinsights_sitenote_note":"","_monsterinsights_sitenote_category":0},"categories":[17,21],"tags":[],"aioseo_notices":[],"_links":{"self":[{"href":"https:\/\/economiapoliticacba.com\/index.php?rest_route=\/wp\/v2\/posts\/44913"}],"collection":[{"href":"https:\/\/economiapoliticacba.com\/index.php?rest_route=\/wp\/v2\/posts"}],"about":[{"href":"https:\/\/economiapoliticacba.com\/index.php?rest_route=\/wp\/v2\/types\/post"}],"author":[{"embeddable":true,"href":"https:\/\/economiapoliticacba.com\/index.php?rest_route=\/wp\/v2\/users\/1"}],"replies":[{"embeddable":true,"href":"https:\/\/economiapoliticacba.com\/index.php?rest_route=%2Fwp%2Fv2%2Fcomments&post=44913"}],"version-history":[{"count":0,"href":"https:\/\/economiapoliticacba.com\/index.php?rest_route=\/wp\/v2\/posts\/44913\/revisions"}],"wp:featuredmedia":[{"embeddable":true,"href":"https:\/\/economiapoliticacba.com\/index.php?rest_route=\/wp\/v2\/media\/44914"}],"wp:attachment":[{"href":"https:\/\/economiapoliticacba.com\/index.php?rest_route=%2Fwp%2Fv2%2Fmedia&parent=44913"}],"wp:term":[{"taxonomy":"category","embeddable":true,"href":"https:\/\/economiapoliticacba.com\/index.php?rest_route=%2Fwp%2Fv2%2Fcategories&post=44913"},{"taxonomy":"post_tag","embeddable":true,"href":"https:\/\/economiapoliticacba.com\/index.php?rest_route=%2Fwp%2Fv2%2Ftags&post=44913"}],"curies":[{"name":"wp","href":"https:\/\/api.w.org\/{rel}","templated":true}]}}