{"id":44909,"date":"2025-11-14T21:03:04","date_gmt":"2025-11-14T21:03:04","guid":{"rendered":"https:\/\/comercioyjusticia.info\/?p=489923"},"modified":"2025-11-14T21:03:04","modified_gmt":"2025-11-14T21:03:04","slug":"el-legislativo-de-san-luis-acorto-la-feria-judicial","status":"publish","type":"post","link":"https:\/\/economiapoliticacba.com\/?p=44909","title":{"rendered":"El Legislativo de San Luis acort\u00f3 la feria judicial"},"content":{"rendered":"<div><img src=\"https:\/\/comercioyjusticia.info\/wp-content\/uploads\/2022\/01\/Honorarios-abogados.jpg\" class=\"ff-og-image-inserted\"><\/div>\n<p><strong>El Legislativo de San Luis aprob\u00f3 por unanimidad un proyecto del Ejecutivo que reduce a la feria judicial en la jurisdicci\u00f3n.<\/strong> Con 27 votos afirmativos y ninguno negativo, Diputados dio luz verde a la iniciativa, que entrar\u00e1 en vigencia a partir del 2027 para que el sistema judicial pueda adecuarse.<\/p>\n<p><strong>La feria durar\u00e1 dos semanas en enero y una a mitad de a\u00f1o.<\/strong><\/p>\n<p>La sanci\u00f3n de la norma responde a la <strong>necesidad de construir un sistema judicial m\u00e1s eficiente<\/strong> que garantice el acceso a la justicia todo el a\u00f1o.<\/p>\n<p>El nuevo esquema apunta a <strong>compatibilizar el derecho al descanso<\/strong> de los trabajadores del sector con la obligaci\u00f3n constitucional de garantizar el normal funcionamiento del servicio.<\/p>\n<p>En el debate, la presidenta del bloque oficialista, Eugenia Gallardo, enfatiz\u00f3 la importancia de la reforma para combatir la lentitud en la resoluci\u00f3n de causas.<\/p>\n<p><strong>La elaboraci\u00f3n de la nueva ley cont\u00f3 con el consenso de los distintos bloques y, previamente, de los sectores involucrados, como&nbsp; funcionarios, empleados y abogados.<\/strong><\/p>\n<p>El articulado de la norma aclara que la reducci\u00f3n de la feria judicial no implica la eliminaci\u00f3n de derechos laborales ni de per\u00edodos vacacionales.<\/p>\n<p><strong>La meta es reorganizar el cronograma de recesos para mejorar la eficiencia y garantizar la continuidad operativa de los fueros que integran el sistema provincial.<\/strong><\/p>\n<p>El gobernador <strong>Claudio Poggi<\/strong> ya firm\u00f3 el decreto de promulgaci\u00f3n de la ley. Entrar\u00e1 en vigencia el 31 de diciembre de 2026, de modo que comenzar\u00e1 a aplicarse desde el inicio del a\u00f1o judicial 2027.<\/p>\n<p>Durante 2026, el Poder Judicial y los colegios profesionales deber\u00e1n avanzar en los ajustes necesarios para adoptar el nuevo r\u00e9gimen.<\/p>\n","protected":false},"excerpt":{"rendered":"<p>El Legislativo de San Luis aprob\u00f3 por unanimidad un proyecto del Ejecutivo que reduce a la feria judicial en la jurisdicci\u00f3n. Con 27 votos afirmativos y ninguno negativo, Diputados dio luz verde a la iniciativa, que entrar\u00e1 en vigencia a partir del 2027 para que el sistema judicial pueda adecuarse. La feria durar\u00e1 dos semanas [&hellip;]<\/p>\n","protected":false},"author":1,"featured_media":44910,"comment_status":"open","ping_status":"closed","sticky":false,"template":"","format":"standard","meta":{"om_disable_all_campaigns":false,"_monsterinsights_skip_tracking":false,"_monsterinsights_sitenote_active":false,"_monsterinsights_sitenote_note":"","_monsterinsights_sitenote_category":0},"categories":[21],"tags":[],"aioseo_notices":[],"_links":{"self":[{"href":"https:\/\/economiapoliticacba.com\/index.php?rest_route=\/wp\/v2\/posts\/44909"}],"collection":[{"href":"https:\/\/economiapoliticacba.com\/index.php?rest_route=\/wp\/v2\/posts"}],"about":[{"href":"https:\/\/economiapoliticacba.com\/index.php?rest_route=\/wp\/v2\/types\/post"}],"author":[{"embeddable":true,"href":"https:\/\/economiapoliticacba.com\/index.php?rest_route=\/wp\/v2\/users\/1"}],"replies":[{"embeddable":true,"href":"https:\/\/economiapoliticacba.com\/index.php?rest_route=%2Fwp%2Fv2%2Fcomments&post=44909"}],"version-history":[{"count":0,"href":"https:\/\/economiapoliticacba.com\/index.php?rest_route=\/wp\/v2\/posts\/44909\/revisions"}],"wp:featuredmedia":[{"embeddable":true,"href":"https:\/\/economiapoliticacba.com\/index.php?rest_route=\/wp\/v2\/media\/44910"}],"wp:attachment":[{"href":"https:\/\/economiapoliticacba.com\/index.php?rest_route=%2Fwp%2Fv2%2Fmedia&parent=44909"}],"wp:term":[{"taxonomy":"category","embeddable":true,"href":"https:\/\/economiapoliticacba.com\/index.php?rest_route=%2Fwp%2Fv2%2Fcategories&post=44909"},{"taxonomy":"post_tag","embeddable":true,"href":"https:\/\/economiapoliticacba.com\/index.php?rest_route=%2Fwp%2Fv2%2Ftags&post=44909"}],"curies":[{"name":"wp","href":"https:\/\/api.w.org\/{rel}","templated":true}]}}