{"id":44907,"date":"2025-11-15T02:28:31","date_gmt":"2025-11-15T02:28:31","guid":{"rendered":"https:\/\/comercioyjusticia.info\/?p=489928"},"modified":"2025-11-15T02:28:31","modified_gmt":"2025-11-15T02:28:31","slug":"sube-el-boleto-del-transporte-urbano-en-cordoba-ahora-a-1-720","status":"publish","type":"post","link":"https:\/\/economiapoliticacba.com\/?p=44907","title":{"rendered":"Sube el boleto del transporte urbano en C\u00f3rdoba, ahora a $1.720"},"content":{"rendered":"<div><img src=\"https:\/\/comercioyjusticia.info\/wp-content\/uploads\/2023\/09\/Tamse-jpg.webp\" class=\"ff-og-image-inserted\"><\/div>\n<p>La Municipalidad de C\u00f3rdoba anunci\u00f3 esta tarde que desde la cero hora de ma\u00f1ana se aplicar\u00e1 un aumento de 8,8%. Desde la comuna justificaron el ajuste en que los costos operativos del sistema subieron m\u00e1s de 30% desde mayo<\/p>\n<p>La Municipalidad de C\u00f3rdoba inform\u00f3 este viernes un incremento de 8,8% en el boleto del transporte urbano.&nbsp;<\/p>\n<p>La suba comenzar\u00e1 a regir a partir de las cero de este s\u00e1bado.<\/p>\n<p>De esta forma, el valor del pasaje que hasta el momento cuesta $1580, subir\u00e1 a $1720.<\/p>\n<p>El \u00faltimo aumento hab\u00eda sido en mayo de este a\u00f1o. Seg\u00fan inform\u00f3 el municipio, en estos 5 meses, los costos operativos del sistema se incrementaron m\u00e1s de 30% (combustibles, insumos y salarios).<\/p>\n<p>Seg\u00fan expresaron desde el Palacio 6 de Julio, la tarifa, a\u00fan con la actualizaci\u00f3n aplicada, sigue por debajo del valor t\u00e9cnico, que asciende a $1.955.<\/p>\n<p>Con el incremento pautado, los 134 mil usuarios que cuentan con Tarifa Social Federal abonar\u00e1n desde este s\u00e1bado $774 el pasaje. Este valor representa un descuento de 55%.<\/p>\n<p>El beneficio alcanza a jubilados y pensionados, personas con discapacidad, personal de trabajo dom\u00e9stico, beneficiarios de la Asignaci\u00f3n Universal por Hijo y por Embarazo, pensiones no contributivas y programas de empleo y acompa\u00f1amiento social.<\/p>\n<p>En tanto, desde Fetap, la entidad que nuclea a las empresas, consideran que el valor t\u00e9cnico supera $2.500. De esta manera, el municipio deber\u00e1 continuar subsidiando parte del costo del servicio de transporte urbano.<\/p>\n","protected":false},"excerpt":{"rendered":"<p>La Municipalidad de C\u00f3rdoba anunci\u00f3 esta tarde que desde la cero hora de ma\u00f1ana se aplicar\u00e1 un aumento de 8,8%. Desde la comuna justificaron el ajuste en que los costos operativos del sistema subieron m\u00e1s de 30% desde mayo La Municipalidad de C\u00f3rdoba inform\u00f3 este viernes un incremento de 8,8% en el boleto del transporte [&hellip;]<\/p>\n","protected":false},"author":1,"featured_media":44908,"comment_status":"open","ping_status":"closed","sticky":false,"template":"","format":"standard","meta":{"om_disable_all_campaigns":false,"_monsterinsights_skip_tracking":false,"_monsterinsights_sitenote_active":false,"_monsterinsights_sitenote_note":"","_monsterinsights_sitenote_category":0},"categories":[17,21],"tags":[],"aioseo_notices":[],"_links":{"self":[{"href":"https:\/\/economiapoliticacba.com\/index.php?rest_route=\/wp\/v2\/posts\/44907"}],"collection":[{"href":"https:\/\/economiapoliticacba.com\/index.php?rest_route=\/wp\/v2\/posts"}],"about":[{"href":"https:\/\/economiapoliticacba.com\/index.php?rest_route=\/wp\/v2\/types\/post"}],"author":[{"embeddable":true,"href":"https:\/\/economiapoliticacba.com\/index.php?rest_route=\/wp\/v2\/users\/1"}],"replies":[{"embeddable":true,"href":"https:\/\/economiapoliticacba.com\/index.php?rest_route=%2Fwp%2Fv2%2Fcomments&post=44907"}],"version-history":[{"count":0,"href":"https:\/\/economiapoliticacba.com\/index.php?rest_route=\/wp\/v2\/posts\/44907\/revisions"}],"wp:featuredmedia":[{"embeddable":true,"href":"https:\/\/economiapoliticacba.com\/index.php?rest_route=\/wp\/v2\/media\/44908"}],"wp:attachment":[{"href":"https:\/\/economiapoliticacba.com\/index.php?rest_route=%2Fwp%2Fv2%2Fmedia&parent=44907"}],"wp:term":[{"taxonomy":"category","embeddable":true,"href":"https:\/\/economiapoliticacba.com\/index.php?rest_route=%2Fwp%2Fv2%2Fcategories&post=44907"},{"taxonomy":"post_tag","embeddable":true,"href":"https:\/\/economiapoliticacba.com\/index.php?rest_route=%2Fwp%2Fv2%2Ftags&post=44907"}],"curies":[{"name":"wp","href":"https:\/\/api.w.org\/{rel}","templated":true}]}}