{"id":44905,"date":"2025-11-15T03:26:16","date_gmt":"2025-11-15T03:26:16","guid":{"rendered":"https:\/\/comercioyjusticia.info\/?p=489930"},"modified":"2025-11-15T03:26:16","modified_gmt":"2025-11-15T03:26:16","slug":"fuerte-explosion-en-un-parque-industrial-en-ezeiza-desato-un-voraz-incendio-y-dejo-varios-heridos","status":"publish","type":"post","link":"https:\/\/economiapoliticacba.com\/?p=44905","title":{"rendered":"Fuerte explosi\u00f3n en un parque industrial en Ezeiza desat\u00f3 un voraz incendio y dej\u00f3 varios heridos"},"content":{"rendered":"<div><img src=\"https:\/\/comercioyjusticia.info\/wp-content\/uploads\/2025\/11\/explosion-e-incendio-en-ezeiza-2138086.jpg\" class=\"ff-og-image-inserted\"><\/div>\n<p>Un estallido en un polo industrial que gener\u00f3 un incendio que se extendi\u00f3 y afect\u00f3 a varias empresas, gener\u00f3 p\u00e1nico en el sector y hasta ahora dej\u00f3 al menos 15 heridos. El incidente deriv\u00f3 en una nube t\u00f3xica cuyo impacto a\u00fan se analiza. Varias dotaciones de bomberos combatieron el siniestro<\/p>\n<p>Una explosi\u00f3n sobresalt\u00f3 ayer viernes a la noche en Ezeiza, dejando en alerta a los habitantes de la zona y generando preocupaci\u00f3n en el distrito bonaerense. El incidente tuvo lugar en el denominado Polo Industrial Spegazzini, donde se ubica la f\u00e1brica en cuesti\u00f3n.<\/p>\n<p>\u201cEs todo muy confuso, hubo una fuerte explosi\u00f3n en el pol\u00edgono industrial de Spegazzini. Estamos trabajando para apagar el fuego y despu\u00e9s para ver lo qu\u00e9 ocurri\u00f3\u201d, dijo Gast\u00f3n Granados, el intendente de Ezeiza a C5N.<\/p>\n<p>Luego de producirse el estallido comenz\u00f3 el fuego intenso: trabajaban m\u00e1s de 20 dotaciones de bomberos que acudieron al sitio y desplegaron tareas para intentar controlar las llamas originadas tras el siniestro. Defensa Civil tambi\u00e9n se encuentra en el lugar.<\/p>\n<p>Carlos Santoro, director de la Cl\u00ednica Montegrande y de un centro m\u00e9dico de Canning, detall\u00f3 a la misma se\u00f1al sobre los primeros lesionados: \u201cEstamos recibiendo pacientes, estamos con c\u00f3digo rojo. Est\u00e1n llegando quemados y lastimados con vidrio\u201d. Afirm\u00f3 que eran alrededor de 20 heridos.<\/p>\n<p>Luego confirm\u00f3, alrededor de las 23:10, el ingreso de dos pacientes graves: \u201cRecibimos un infartado, un directivo de una empresa de log\u00edstica de la zona, est\u00e1 en unidad de UCO en proceso de aerodinamia. Tambi\u00e9n tenemos una embarazada intoxicada de un barrio aleda\u00f1o con fecha probable de parto, est\u00e1 en terapia intensiva, son los \u00faltimos dos que recibimos\u201d.<\/p>\n<p>\u201cHay alguna gente que ha venido de barrios cercanos que se lastimaron con los vidrios de las ventanas, no son solamente los trabajadores\u201d, agreg\u00f3.<\/p>\n<p>Adem\u00e1s, a este medio le contaron que tambi\u00e9n trasladaron lesionados al Hospital Cuenca Alta, en las afueras de la localidad Ca\u00f1uelas, vecina a Ezeiza, donde ocurre el incidente. Al menos tres pacientes fueron ingresados al hospital de Ezeiza.<\/p>\n<p>En cuanto a los lesionados leves, dijo: \u201cCuatro se suturaron y les dimos el alta. A los dos que se hab\u00edan ca\u00eddo en una farmacia cercana se les dio el alta\u201d.<\/p>\n<p>Como parte del operativo, Santiago Hardie, director de la Agencia Federal de Emergencias, detall\u00f3: \u201cEstamos desplegando dos unidades contra incendios de la Polic\u00eda Federal, la Brigada de Riesgos Especiales de la Polic\u00eda Federal, por el riesgo qu\u00edmico, adem\u00e1s de ambulancias y un helic\u00f3ptero\u201d.<\/p>\n<p>\u201cEstamos tratando de controlarlo, pero no podemos. No podemos descartar ni confirmar que se cayera un avi\u00f3n. Se explotaron los vidrios de mi casa y del barrio. Estamos evacuando a las familias que viven en las inmediaciones\u201d, agreg\u00f3 Granados.<\/p>\n<p>\u201cEn cuanto a las f\u00e1bricas alcanzadas, entre ellas una es qu\u00edmica, se han incendiado los dep\u00f3sitos donde hay cuestiones vinculadas al agro y a lo que tiene que ver con todo lo que se usa en los campos para la fertilizaci\u00f3n. Tambi\u00e9n hay una de envases pl\u00e1sticos, Pl\u00e1sticos Lagos, que est\u00e1 en una situaci\u00f3n parecida\u201d, explic\u00f3 Granados sobre lo que se sabe de las f\u00e1bricas alcanzadas hasta el momento.<\/p>\n<p>De momento, seg\u00fan pudo saber Infobae, el funcionamiento del aeropuerto de Ezeiza no se vio comprometido por el accidente. La autopista Ca\u00f1uelas-Ezeiza se mantiene cortada en su totalidad para realizar el operativo.<\/p>\n<p>El Ministerio de Salud de la Provincia de Buenos Aires se prepar\u00f3 para el operativo sanitario. Seg\u00fan los criterios de triage, los heridos que presenten c\u00f3digos verde y amarillo ser\u00e1n trasladados al Hospital Cecilia Grierson (municipio de Presidente Per\u00f3n) y al Hospital N\u00e9stor Kirchner (de Ca\u00f1uelas).<\/p>\n<p>Los pacientes identificados con c\u00f3digos naranja y rojo recibir\u00e1n atenci\u00f3n en el Hospital Bicentenario de Esteban Echeverr\u00eda, el Hospital Eurnekian (en Ezeiza) y el Hospital Balestrini (en La Matanza).<\/p>\n<p>El \u00e1rea afectada por la explosi\u00f3n cuenta con m\u00e1s de 12 m\u00f3viles provinciales desplegados, en coordinaci\u00f3n con 15 unidades municipales asignadas por los respectivos distritos. Los hospitales provinciales y municipales de la regi\u00f3n act\u00faan de manera conjunta y organizada, preparados para atender a todas las personas afectadas.<\/p>\n","protected":false},"excerpt":{"rendered":"<p>Un estallido en un polo industrial que gener\u00f3 un incendio que se extendi\u00f3 y afect\u00f3 a varias empresas, gener\u00f3 p\u00e1nico en el sector y hasta ahora dej\u00f3 al menos 15 heridos. El incidente deriv\u00f3 en una nube t\u00f3xica cuyo impacto a\u00fan se analiza. Varias dotaciones de bomberos combatieron el siniestro Una explosi\u00f3n sobresalt\u00f3 ayer viernes [&hellip;]<\/p>\n","protected":false},"author":1,"featured_media":44906,"comment_status":"open","ping_status":"closed","sticky":false,"template":"","format":"standard","meta":{"om_disable_all_campaigns":false,"_monsterinsights_skip_tracking":false,"_monsterinsights_sitenote_active":false,"_monsterinsights_sitenote_note":"","_monsterinsights_sitenote_category":0},"categories":[21],"tags":[],"aioseo_notices":[],"_links":{"self":[{"href":"https:\/\/economiapoliticacba.com\/index.php?rest_route=\/wp\/v2\/posts\/44905"}],"collection":[{"href":"https:\/\/economiapoliticacba.com\/index.php?rest_route=\/wp\/v2\/posts"}],"about":[{"href":"https:\/\/economiapoliticacba.com\/index.php?rest_route=\/wp\/v2\/types\/post"}],"author":[{"embeddable":true,"href":"https:\/\/economiapoliticacba.com\/index.php?rest_route=\/wp\/v2\/users\/1"}],"replies":[{"embeddable":true,"href":"https:\/\/economiapoliticacba.com\/index.php?rest_route=%2Fwp%2Fv2%2Fcomments&post=44905"}],"version-history":[{"count":0,"href":"https:\/\/economiapoliticacba.com\/index.php?rest_route=\/wp\/v2\/posts\/44905\/revisions"}],"wp:featuredmedia":[{"embeddable":true,"href":"https:\/\/economiapoliticacba.com\/index.php?rest_route=\/wp\/v2\/media\/44906"}],"wp:attachment":[{"href":"https:\/\/economiapoliticacba.com\/index.php?rest_route=%2Fwp%2Fv2%2Fmedia&parent=44905"}],"wp:term":[{"taxonomy":"category","embeddable":true,"href":"https:\/\/economiapoliticacba.com\/index.php?rest_route=%2Fwp%2Fv2%2Fcategories&post=44905"},{"taxonomy":"post_tag","embeddable":true,"href":"https:\/\/economiapoliticacba.com\/index.php?rest_route=%2Fwp%2Fv2%2Ftags&post=44905"}],"curies":[{"name":"wp","href":"https:\/\/api.w.org\/{rel}","templated":true}]}}