{"id":44871,"date":"2025-11-13T23:48:00","date_gmt":"2025-11-13T23:48:00","guid":{"rendered":"https:\/\/economiapoliticacba.com\/?p=44871"},"modified":"2025-11-13T23:48:00","modified_gmt":"2025-11-13T23:48:00","slug":"juro-y-salio-de-gira-santilli-suma-apoyos-y-se-acerca-a-la-aprobacion-del-presupuesto","status":"publish","type":"post","link":"https:\/\/economiapoliticacba.com\/?p=44871","title":{"rendered":"Jur\u00f3 y sali\u00f3 de gira: Santilli suma apoyos y se acerca a la aprobaci\u00f3n del presupuesto"},"content":{"rendered":"<p><a href=\"https:\/\/eleconomista.com.ar\/politica\/tras-jurar-como-ministro-interior-santilli-inicia-una-gira-negociaciones-clave-gobernadores-n90404\" target=\"_blank\" rel=\"noopener\"><strong>Diego Santilli<\/strong> jur\u00f3 como ministro del Interior<\/a> y retom\u00f3 inmediatamente su agenda con los <strong>gobernadores<\/strong>, convertidos en los principales interlocutores del Gobierno desde el triunfo electoral. <mark class=\"marker-yellow\"><strong>Para el cierre de esta semana ya se habr\u00e1 reunido con nueve mandatarios provinciales y habr\u00e1 avanzado sobre el objetivo central del oficialismo en esta nueva etapa: aprobar el presupuesto 2026.<\/strong><\/mark><\/p>\n<p>Los encuentros giraron en torno a la &#8220;ley de leyes&#8221;, pero tambi\u00e9n incluyeron las <strong>reformas laboral, tributaria y penal<\/strong> que impulsa la Casa Rosada. Sobre estas \u00faltimas hay ciertas dudas dado que los gobernadores a\u00fan no conocen los detalles de los proyectos. Algunos mandatarios llevaron <strong>reclamos sobre obras y fondos<\/strong>, aunque no dominaron la agenda. El Gobierno llega a esta instancia fortalecido por el resultado electoral. &#8220;Los gobernadores ahora quedan de rodillas&#8221;, sintetiz\u00f3 el analista Luis Tonelli en <strong>El Economista TV.<\/strong><\/p>\n<p><iframe loading=\"lazy\" width=\"560\" height=\"315\" src=\"https:\/\/www.youtube.com\/embed\/Nl2ZJJ80r5o?si=v5BV35Geht-cVPs4\" title=\"YouTube video player\" frameborder=\"0\" allow=\"accelerometer; autoplay; clipboard-write; encrypted-media; gyroscope; picture-in-picture; web-share\" referrerpolicy=\"strict-origin-when-cross-origin\" allowfullscreen>[embedded content]<\/iframe><\/p>\n<h2>El presupuesto<\/h2>\n<p><mark class=\"marker-yellow\"><strong>Entre los mandatarios que ya se reunieron con Santilli hay un diagn\u00f3stico compartido: Argentina necesita un presupuesto.<\/strong><\/mark> Son pocos los reparos sobre el proyecto que ya ingres\u00f3 al Congreso y que el Gobierno aspira a aprobar en sesiones extraordinarias.<\/p>\n<p><strong>Ignacio Torres<\/strong> (Chubut) respald\u00f3 el avance del presupuesto, aunque pidi\u00f3 trabajarlo con las provincias. <strong>Ra\u00fal Jalil<\/strong> (Catamarca) tambi\u00e9n se pronunci\u00f3 a favor: &#8220;Hay que aprobar el presupuesto. Hay que estudiarlo, pero en principio la idea es que tenemos que tenerlo porque ordena a las provincias, los municipios y la Naci\u00f3n&#8221;, dijo a <strong>El Economista<\/strong>.<\/p>\n<div class=\"rela\">\n<div class=\"pic\"> <a href=\"https:\/\/eleconomista.com.ar\/politica\/la-santileta-empezo-su-gira-frigerio-rios-n90440\" title=\"La &quot;Santileta&quot; empez\u00f3 su gira con Frigerio en Entre R\u00edos\"><img src=\"http:\/\/economiapoliticacba.com\/wp-content\/uploads\/2025\/11\/juro-y-salio-de-gira-santilli-suma-apoyos-y-se-acerca-a-la-aprobacion-del-presupuesto.webp\" alt=\"La &quot;Santileta&quot; empez\u00f3 su gira con Frigerio en Entre R\u00edos\" loading=\"lazy\"><\/a> <\/div><\/div>\n<p><strong>Marcelo Orrego<\/strong> (San Juan) sostuvo que &#8220;hay que darle al Presidente las herramientas indispensables para generar el presupuesto que d\u00e9 gobernabilidad&#8221;. <strong>Mart\u00edn Llaryora<\/strong> (C\u00f3rdoba) subray\u00f3 que es fundamental contar con un presupuesto cuyo pilar sea el crecimiento. <a href=\"https:\/\/eleconomista.com.ar\/politica\/la-santileta-empezo-su-gira-frigerio-rios-n90440\" target=\"_blank\" rel=\"noopener\"><strong>Rogelio Frigerio<\/strong> (Entre R\u00edos)<\/a> y <strong>Gustavo S\u00e1enz<\/strong> (Salta) tambi\u00e9n remarcaron la importancia de aprobarlo.<\/p>\n<figure class=\"image\"><img loading=\"lazy\" width=\"100\" height=\"100\" class=\"cst_img\" src=\"http:\/\/economiapoliticacba.com\/wp-content\/uploads\/2025\/11\/juro-y-salio-de-gira-santilli-suma-apoyos-y-se-acerca-a-la-aprobacion-del-presupuesto-1.webp\" alt=\"Torres Adorni Santilli\"><figcaption>Torres se reuni\u00f3 el viernes con Adorni y Santilli en la Casa Rosada<\/figcaption><\/figure>\n<p>Cada uno de ellos incide sobre hasta dos senadores y seis diputados. <strong>La apuesta del Gobierno est\u00e1 especialmente en los peronistas dialoguistas<\/strong>.<strong> <\/strong>En ese grupo figuran Jalil, S\u00e1enz y Osvaldo Jaldo (Tucum\u00e1n), entre quienes ya se reunieron con Santilli.<\/p>\n<div class=\"rela\">\n<div class=\"pic\"> <a href=\"https:\/\/eleconomista.com.ar\/politica\/tras-jurar-como-ministro-interior-santilli-inicia-una-gira-negociaciones-clave-gobernadores-n90404\" title=\"Tras jurar como ministro del Interior, Santilli inicia una gira de negociaciones clave con gobernadores\"><img src=\"http:\/\/economiapoliticacba.com\/wp-content\/uploads\/2025\/11\/juro-y-salio-de-gira-santilli-suma-apoyos-y-se-acerca-a-la-aprobacion-del-presupuesto-2.webp\" alt=\"Tras jurar como ministro del Interior, Santilli inicia una gira de negociaciones clave con gobernadores\" loading=\"lazy\"><\/a> <\/div><\/div>\n<h2>Las reformas<\/h2>\n<p><mark class=\"marker-yellow\"><strong>M\u00e1s compleja es la discusi\u00f3n sobre las reformas laboral, tributaria y penal. Todos reconocen su importancia, pero la falta de detalles genera cautela.<\/strong><\/mark><\/p>\n<p>Torres apoy\u00f3 la orientaci\u00f3n general y se\u00f1al\u00f3 la prioridad de la reforma laboral, aunque admiti\u00f3 <strong>no conocer el texto<\/strong>: &#8220;Si tenemos que empezar por algo es justamente por blanquear a un mont\u00f3n de trabajos que hoy est\u00e1n negros, garantizando los derechos adquiridos, esa garant\u00eda constitucional existe. Esperamos la redacci\u00f3n&#8221;.<\/p>\n<p><strong>Jalil coincidi\u00f3 en que esta es &#8220;una nueva era donde, indudablemente, algunas cosas hay que tratar&#8221;<\/strong>, pero tambi\u00e9n dijo desconocer la letra chica. Orrego calific\u00f3 las reformas como<strong> &#8220;debates de sentido com\u00fan&#8221;<\/strong>, aunque hizo la misma salvedad.<\/p>\n<figure class=\"image\"><img loading=\"lazy\" width=\"100\" height=\"100\" class=\"cst_img\" src=\"http:\/\/economiapoliticacba.com\/wp-content\/uploads\/2025\/11\/juro-y-salio-de-gira-santilli-suma-apoyos-y-se-acerca-a-la-aprobacion-del-presupuesto-3.webp\" alt=\"Santilli Adorni Llaryora\"><figcaption>Llaryora se reuni\u00f3 el lunes con Adorni y Santilli en la Casa Rosada<\/figcaption><\/figure>\n<p><a href=\"https:\/\/eleconomista.com.ar\/politica\/las-claves-reuniones-santilli-gobernadores-orrego-llaryora-n90359\" target=\"_blank\" rel=\"noopener\">Llaryora fue m\u00e1s espec\u00edfico<\/a>: apoya la reforma laboral, pero advirti\u00f3 que retirar\u00e1 la luz verde si implica avanzar sobre derechos adquiridos. Propuso una <strong>legislaci\u00f3n diferencial para MiPymes<\/strong>: &#8220;Las m\u00e1s grandes tienen todo formalizado; hay que hacer una legislaci\u00f3n especial para las m\u00e1s chicas&#8221;. Frigerio y S\u00e1enz apoyaron sin matices el paquete de reformas.<\/p>\n<h2>Los reclamos<\/h2>\n<p><mark class=\"marker-yellow\"><strong>En materia de reclamos, Santilli y el jefe de Gabinete, Manuel Adorni -presente en la mayor\u00eda de los encuentros- escucharon pedidos puntuales enfocados en obras y fondos.<\/strong><\/mark><\/p>\n<p><a href=\"https:\/\/eleconomista.com.ar\/politica\/santilli-inicia-reuniones-clave-gobernadores-su-debut-como-ministro-interior-n90289\" target=\"_blank\" rel=\"noopener\">Torres insisti\u00f3 en la eliminaci\u00f3n de las retenciones al petr\u00f3leo<\/a> y asegur\u00f3 que el tema avanza: &#8220;No solo est\u00e1 vigente sino que en breve vamos a poder avanzar en el decreto que va a ser muy bueno para la Argentina&#8221;, afirm\u00f3. Tambi\u00e9n discuti\u00f3 obras de infraestructura prioritarias. Jalil mencion\u00f3 una empresa interestadual, un acueducto y una obra energ\u00e9tica, todos proyectos con financiamiento internacional que el Gobierno &#8220;hab\u00eda parado para no tener d\u00e9ficit y supuestamente ahora lo van a activar&#8221;.<\/p>\n<p>Orrego habl\u00f3 de &#8220;granos, Vaca Muerta y miner\u00eda&#8221; como sectores estrat\u00e9gicos y destac\u00f3 la necesidad de obra p\u00fablica, &#8220;fundamental en el interior&#8221;, adem\u00e1s de plantear la reglamentaci\u00f3n de la ley de glaciares. S\u00e1enz insisti\u00f3 en los acuerdos de obra p\u00fablica &#8220;vitales para el norte argentino&#8221;. Jaldo plante\u00f3 asistencia financiera, obras estrat\u00e9gicas, seguridad, salud y desarrollo social. Frigerio y Llaryora no llevaron reclamos espec\u00edficos.<\/p>\n<h2>El di\u00e1logo<\/h2>\n<p><mark class=\"marker-yellow\"><strong>Varios gobernadores valoraron el tono dialoguista del Gobierno y el abandono de &#8220;la etapa de agravios e insultos&#8221;<\/strong><\/mark>, en palabras de Llaryora. Jaldo lo sintetiz\u00f3 as\u00ed: &#8220;Siempre sostuvimos que no se puede gobernar un pa\u00eds sin escuchar a quienes tenemos la responsabilidad diaria de conducir las provincias&#8221;.<\/p>\n<p>Tambi\u00e9n destacaron la capacidad de Santilli para construir consensos, algo que varios conocen de primera mano: Torres, Orrego, Llaryora y Frigerio ya ten\u00edan v\u00ednculo previo con \u00e9l. <strong>&#8220;Tengo relaci\u00f3n con el Colo hace varios a\u00f1os; es una persona de di\u00e1logo y de consensos&#8221;<\/strong>, resumi\u00f3 Torres.<\/p>\n<p>Sus pr\u00f3ximos pasos incluyen una reuni\u00f3n este viernes con <strong>Alfredo Cornejo<\/strong>, en Mendoza -uno de los aliados del Gobierno-, y otra el s\u00e1bado en Neuqu\u00e9n con el gobernador <strong>Rolando Figueroa<\/strong>. <strong>La provincia de Buenos Aires aparece entre las grandes ausencias en la agenda de Santilli<\/strong>: ante el pedido de reuni\u00f3n del ministro bonaerense Carlos Bianco para reclamar fondos, el ministro del Interior respondi\u00f3 con iron\u00eda y pidi\u00f3 &#8220;ser consecuentes y coherentes&#8221; para retomar el di\u00e1logo.<\/p>\n","protected":false},"excerpt":{"rendered":"<p>Diego Santilli jur\u00f3 como ministro del Interior y retom\u00f3 inmediatamente su agenda con los gobernadores, convertidos en los principales interlocutores del Gobierno desde el triunfo electoral. Para el cierre de esta semana ya se habr\u00e1 reunido con nueve mandatarios provinciales y habr\u00e1 avanzado sobre el objetivo central del oficialismo en esta nueva etapa: aprobar el [&hellip;]<\/p>\n","protected":false},"author":1,"featured_media":44872,"comment_status":"closed","ping_status":"closed","sticky":false,"template":"","format":"standard","meta":{"om_disable_all_campaigns":false,"_monsterinsights_skip_tracking":false,"_monsterinsights_sitenote_active":false,"_monsterinsights_sitenote_note":"","_monsterinsights_sitenote_category":0},"categories":[17,21],"tags":[],"aioseo_notices":[],"_links":{"self":[{"href":"https:\/\/economiapoliticacba.com\/index.php?rest_route=\/wp\/v2\/posts\/44871"}],"collection":[{"href":"https:\/\/economiapoliticacba.com\/index.php?rest_route=\/wp\/v2\/posts"}],"about":[{"href":"https:\/\/economiapoliticacba.com\/index.php?rest_route=\/wp\/v2\/types\/post"}],"author":[{"embeddable":true,"href":"https:\/\/economiapoliticacba.com\/index.php?rest_route=\/wp\/v2\/users\/1"}],"replies":[{"embeddable":true,"href":"https:\/\/economiapoliticacba.com\/index.php?rest_route=%2Fwp%2Fv2%2Fcomments&post=44871"}],"version-history":[{"count":0,"href":"https:\/\/economiapoliticacba.com\/index.php?rest_route=\/wp\/v2\/posts\/44871\/revisions"}],"wp:featuredmedia":[{"embeddable":true,"href":"https:\/\/economiapoliticacba.com\/index.php?rest_route=\/wp\/v2\/media\/44872"}],"wp:attachment":[{"href":"https:\/\/economiapoliticacba.com\/index.php?rest_route=%2Fwp%2Fv2%2Fmedia&parent=44871"}],"wp:term":[{"taxonomy":"category","embeddable":true,"href":"https:\/\/economiapoliticacba.com\/index.php?rest_route=%2Fwp%2Fv2%2Fcategories&post=44871"},{"taxonomy":"post_tag","embeddable":true,"href":"https:\/\/economiapoliticacba.com\/index.php?rest_route=%2Fwp%2Fv2%2Ftags&post=44871"}],"curies":[{"name":"wp","href":"https:\/\/api.w.org\/{rel}","templated":true}]}}