{"id":44867,"date":"2025-11-13T19:48:04","date_gmt":"2025-11-13T19:48:04","guid":{"rendered":"https:\/\/comercioyjusticia.info\/?p=489735"},"modified":"2025-11-13T19:48:04","modified_gmt":"2025-11-13T19:48:04","slug":"caputo-en-la-uia-hay-que-graduarse-primero-antes-de-flotar-libremente-no-nos-agrandemos","status":"publish","type":"post","link":"https:\/\/economiapoliticacba.com\/?p=44867","title":{"rendered":"Caputo en la UIA: \u201cHay que graduarse primero antes de flotar libremente, no nos agrandemos\u201d"},"content":{"rendered":"<div><img src=\"https:\/\/comercioyjusticia.info\/wp-content\/uploads\/2025\/11\/UIA.jpg\" class=\"ff-og-image-inserted\"><\/div>\n<p>El ministro de Econom\u00eda,&nbsp;Luis Caputo, afirm\u00f3 que las bandas cambiarias est\u00e1n \u201c<strong>bien calibradas<\/strong>\u201d y afirm\u00f3: \u201c<strong>Hay que graduarse primero antes de flotar libremente. No nos agrandemos<\/strong>\u201c. Lo dijo durante su exposici\u00f3n en la&nbsp;Conferencia de la UIA.&nbsp;<\/p>\n<p>El titular de la cartera econ\u00f3mica volvi\u00f3 a defender la pol\u00edtica cambiaria oficial ante industriales al sostener que<strong>&nbsp;\u201cpara nosotros es mejor una flotaci\u00f3n entre bandas que una flotaci\u00f3n libre porque las bandas est\u00e1n bien calibradas<\/strong>, en particular el techo de la banda\u201d&nbsp;remarcando que&nbsp;\u201cest\u00e1n en un nivel razonable, sino no habr\u00eda r\u00e9cord de exportaciones\u201d.<\/p>\n<p>Con el objetivo de reforzar la postura gubernamental en materia cambiaria, Caputo hizo alusi\u00f3n a una serie de factores que consideran, en el contexto actual, para mantener las bandas cambiarias. Entre estos se refiri\u00f3 a la demanda de d\u00f3lares en los \u00faltimos meses.<\/p>\n<p>Al respecto, se\u00f1al\u00f3 que&nbsp;\u201cla Argentina tiene una inestabilidad en la demanda de dinero fenomenal. En estos meses hubo una dolarizaci\u00f3n que no se ha visto en la historia.&nbsp;<strong>Hay que graduarse para poder flotar libremente\u201d.<\/strong><\/p>\n<p>En este sentido, manifest\u00f3 que&nbsp;\u201cla mayor\u00eda de los pa\u00edses no flota libremente, ning\u00fan pa\u00eds en desarrollo lo hace\u201d&nbsp;y advirti\u00f3:<strong>&nbsp;\u201cNo nos agrandemos tampoco porque despu\u00e9s al primer shock tenemos que poner cepo\u201d.<\/strong><\/p>\n","protected":false},"excerpt":{"rendered":"<p>El ministro de Econom\u00eda,&nbsp;Luis Caputo, afirm\u00f3 que las bandas cambiarias est\u00e1n \u201cbien calibradas\u201d y afirm\u00f3: \u201cHay que graduarse primero antes de flotar libremente. No nos agrandemos\u201c. Lo dijo durante su exposici\u00f3n en la&nbsp;Conferencia de la UIA.&nbsp; El titular de la cartera econ\u00f3mica volvi\u00f3 a defender la pol\u00edtica cambiaria oficial ante industriales al sostener que&nbsp;\u201cpara nosotros [&hellip;]<\/p>\n","protected":false},"author":1,"featured_media":44868,"comment_status":"open","ping_status":"closed","sticky":false,"template":"","format":"standard","meta":{"om_disable_all_campaigns":false,"_monsterinsights_skip_tracking":false,"_monsterinsights_sitenote_active":false,"_monsterinsights_sitenote_note":"","_monsterinsights_sitenote_category":0},"categories":[17,21],"tags":[],"aioseo_notices":[],"_links":{"self":[{"href":"https:\/\/economiapoliticacba.com\/index.php?rest_route=\/wp\/v2\/posts\/44867"}],"collection":[{"href":"https:\/\/economiapoliticacba.com\/index.php?rest_route=\/wp\/v2\/posts"}],"about":[{"href":"https:\/\/economiapoliticacba.com\/index.php?rest_route=\/wp\/v2\/types\/post"}],"author":[{"embeddable":true,"href":"https:\/\/economiapoliticacba.com\/index.php?rest_route=\/wp\/v2\/users\/1"}],"replies":[{"embeddable":true,"href":"https:\/\/economiapoliticacba.com\/index.php?rest_route=%2Fwp%2Fv2%2Fcomments&post=44867"}],"version-history":[{"count":0,"href":"https:\/\/economiapoliticacba.com\/index.php?rest_route=\/wp\/v2\/posts\/44867\/revisions"}],"wp:featuredmedia":[{"embeddable":true,"href":"https:\/\/economiapoliticacba.com\/index.php?rest_route=\/wp\/v2\/media\/44868"}],"wp:attachment":[{"href":"https:\/\/economiapoliticacba.com\/index.php?rest_route=%2Fwp%2Fv2%2Fmedia&parent=44867"}],"wp:term":[{"taxonomy":"category","embeddable":true,"href":"https:\/\/economiapoliticacba.com\/index.php?rest_route=%2Fwp%2Fv2%2Fcategories&post=44867"},{"taxonomy":"post_tag","embeddable":true,"href":"https:\/\/economiapoliticacba.com\/index.php?rest_route=%2Fwp%2Fv2%2Ftags&post=44867"}],"curies":[{"name":"wp","href":"https:\/\/api.w.org\/{rel}","templated":true}]}}