{"id":44832,"date":"2025-11-12T23:36:00","date_gmt":"2025-11-12T23:36:00","guid":{"rendered":"https:\/\/economiapoliticacba.com\/?p=44832"},"modified":"2025-11-12T23:36:00","modified_gmt":"2025-11-12T23:36:00","slug":"la-santileta-empezo-su-gira-con-frigerio-en-entre-rios","status":"publish","type":"post","link":"https:\/\/economiapoliticacba.com\/?p=44832","title":{"rendered":"La &#8220;Santileta&#8221; empez\u00f3 su gira con Frigerio en Entre R\u00edos"},"content":{"rendered":"<p><strong>Diego Santilli<\/strong>, flamante ministro del Interior, retom\u00f3 su agenda de reuniones con mandatarios provinciales luego de <a href=\"https:\/\/eleconomista.com.ar\/politica\/tras-jurar-como-ministro-interior-santilli-inicia-una-gira-negociaciones-clave-gobernadores-n90404\" target=\"_blank\" rel=\"noopener\">la jura del martes que formaliz\u00f3 su cargo<\/a>. Este mi\u00e9rcoles mantuvo un <mark class=\"marker-yellow\"><strong>encuentro en Entre R\u00edos con el gobernador Rogelio Frigerio<\/strong><\/mark>. El temario que propuso el gobierno nacional fue el mismo que en los encuentros previos con otros jefes provinciales: <strong>presupuesto 2026 y <\/strong><a href=\"https:\/\/eleconomista.com.ar\/politica\/que-sabe-reformas-laboral-tributaria-codigo-penal-impulsa-milei-n90206\" target=\"_blank\" rel=\"noopener\"><strong>reformas laboral, tributaria y penal<\/strong><\/a>, dijeron a <strong>El Economista<\/strong> fuentes cercanas a Santilli, que adem\u00e1s anticiparon <mark class=\"marker-yellow\"><strong>sus pr\u00f3ximos destinos: Salta, Mendoza y Neuqu\u00e9n<\/strong><\/mark>. En el entorno de Frigerio hab\u00edan sostenido que <strong>no realizar\u00eda reclamos puntuales<\/strong>.<\/p>\n<p>&#8220;Repasamos los temas vinculados con nuestra provincia en los que venimos trabajando junto al gobierno nacional, y conversamos sobre los grandes desaf\u00edos que tiene la Argentina: sancionar un <strong>presupuesto <\/strong>con equilibrio fiscal y mirada federal, avanzar con una <strong>reforma impositiva, la modernizaci\u00f3n laboral y la actualizaci\u00f3n del C\u00f3digo Penal<\/strong>&#8220;, detall\u00f3 Frigerio luego del encuentro.<\/p>\n<div class=\"raw-html-embed\" readability=\"7.5828729281768\">\n<blockquote class=\"twitter-tweet\" readability=\"9.267955801105\">\n<p lang=\"es\" dir=\"ltr\">HAY QUE SANCIONAR EL PRESUPUESTO Y REFORMAS QUE IMPULSEN EL DESARROLLO<\/p>\n<p>Hoy recibimos en Entre R\u00edos al ministro del Interior, <a href=\"https:\/\/twitter.com\/diegosantilli?ref_src=twsrc%5Etfw\">@diegosantilli<\/a>, en su primera visita oficial al interior del pa\u00eds. Repasamos los temas vinculados con nuestra provincia en los que venimos trabajando&#8230; <a href=\"https:\/\/t.co\/FcsCQhZD2M\">pic.twitter.com\/FcsCQhZD2M<\/a><\/p>\n<p>\u2014 Rogelio Frigerio (@frigeriorogelio) <a href=\"https:\/\/twitter.com\/frigeriorogelio\/status\/1988752007562158340?ref_src=twsrc%5Etfw\">November 12, 2025<\/a><\/p><\/blockquote><\/div>\n<p>El ministro estren\u00f3 formalmente el cargo en una reuni\u00f3n con un viejo conocido, dado que <a href=\"https:\/\/eleconomista.com.ar\/politica\/jorge-macri-presiona-caputo-274000-millones-n90399\" target=\"_blank\" rel=\"noopener\">ambos forman parte del <strong>PRO<\/strong><\/a>, pese a que hoy colaboran intensamente con el Gobierno. Frigerio fue aliado de La Libertad Avanza en las elecciones nacionales de octubre, en las que ganaron con el 52,9% y superaron por 18 puntos al peronismo.<\/p>\n<p>El mandatario felicit\u00f3 a Santilli cuando Javier Milei anunci\u00f3 su designaci\u00f3n: &#8220;Para m\u00ed, como gobernador de Entre R\u00edos, es una gran noticia que el Presidente haya confiado en vos para esta tarea. <strong>Sos una persona de di\u00e1logo, de consensos y de trabajo<\/strong>, y no tengo dudas de que vamos a poder avanzar juntos en las reformas que la Argentina necesita desde hace tanto tiempo&#8221;.<\/p>\n<div class=\"rela\">\n<div class=\"pic\"> <a href=\"https:\/\/eleconomista.com.ar\/politica\/tras-jurar-como-ministro-interior-santilli-inicia-una-gira-negociaciones-clave-gobernadores-n90404\" title=\"Tras jurar como ministro del Interior, Santilli inicia una gira de negociaciones clave con gobernadores\"><img src=\"http:\/\/economiapoliticacba.com\/wp-content\/uploads\/2025\/11\/la-santileta-empezo-su-gira-con-frigerio-en-entre-rios.webp\" alt=\"Tras jurar como ministro del Interior, Santilli inicia una gira de negociaciones clave con gobernadores\" loading=\"lazy\"><\/a> <\/div><\/div>\n<p>Frigerio, adem\u00e1s, ocup\u00f3 el cargo de ministro del Interior durante los cuatro a\u00f1os de la presidencia de Mauricio Macri. Santilli, en aquella \u00e9poca, oficiaba como vicejefe de Gobierno de Horacio Rodr\u00edguez Larreta en la ciudad de Buenos Aires.<\/p>\n<figure class=\"image\"><img loading=\"lazy\" width=\"100\" height=\"100\" class=\"cst_img\" src=\"http:\/\/economiapoliticacba.com\/wp-content\/uploads\/2025\/11\/la-santileta-empezo-su-gira-con-frigerio-en-entre-rios-1.webp\" alt=\"Jura Santilli Milei\"><figcaption>Milei tom\u00f3 juramento a Santilli como ministro del Interior<\/figcaption><\/figure>\n<p>El titular de Interior se reunir\u00e1 el jueves con <mark class=\"marker-yellow\"><strong>Gustavo S\u00e1enz<\/strong><\/mark> (Salta) en la Casa Rosada, viajar\u00e1 el viernes a Mendoza para encontrarse con <mark class=\"marker-yellow\"><strong>Alfredo Cornejo<\/strong><\/mark> y el s\u00e1bado a Neuqu\u00e9n para dialogar con <mark class=\"marker-yellow\"><strong>Rolando Figueroa<\/strong><\/mark>, seg\u00fan confirmaron fuentes del entorno de Santilli a este medio.<\/p>\n<div class=\"rela\">\n<div class=\"pic\"> <a href=\"https:\/\/eleconomista.com.ar\/politica\/las-claves-reuniones-santilli-gobernadores-orrego-llayora-n90359\" title=\"Las claves de las reuniones de Santilli con los gobernadores Orrego y Llayora\"><img src=\"http:\/\/economiapoliticacba.com\/wp-content\/uploads\/2025\/11\/la-santileta-empezo-su-gira-con-frigerio-en-entre-rios-2.webp\" alt=\"Las claves de las reuniones de Santilli con los gobernadores Orrego y Llayora\" loading=\"lazy\"><\/a> <\/div><\/div>\n<p>Previo a la jura como ministro, Santilli ya hab\u00eda comenzado a reunirse con los gobernadores. <strong>Ignacio Torres<\/strong> (Chubut), <strong>Ra\u00fal Jalil<\/strong> (Catamarca), <a href=\"https:\/\/eleconomista.com.ar\/politica\/las-claves-reuniones-santilli-gobernadores-orrego-llayora-n90359\" target=\"_blank\" rel=\"noopener\"><strong>Marcelo Orrego<\/strong> (San Juan) y <strong>Mart\u00edn Llaryora<\/strong> (C\u00f3rdoba)<\/a> se acercaron a la Casa Rosada entre el viernes y el lunes para escuchar al Gobierno y llevar sus demandas.<\/p>\n<p>Al cabo de esta semana, el ministro del Interior habr\u00e1 concretado ocho reuniones individuales con mandatarios provinciales.<\/p>\n","protected":false},"excerpt":{"rendered":"<p>Diego Santilli, flamante ministro del Interior, retom\u00f3 su agenda de reuniones con mandatarios provinciales luego de la jura del martes que formaliz\u00f3 su cargo. Este mi\u00e9rcoles mantuvo un encuentro en Entre R\u00edos con el gobernador Rogelio Frigerio. El temario que propuso el gobierno nacional fue el mismo que en los encuentros previos con otros jefes [&hellip;]<\/p>\n","protected":false},"author":1,"featured_media":44833,"comment_status":"closed","ping_status":"closed","sticky":false,"template":"","format":"standard","meta":{"om_disable_all_campaigns":false,"_monsterinsights_skip_tracking":false,"_monsterinsights_sitenote_active":false,"_monsterinsights_sitenote_note":"","_monsterinsights_sitenote_category":0},"categories":[17,21],"tags":[],"aioseo_notices":[],"_links":{"self":[{"href":"https:\/\/economiapoliticacba.com\/index.php?rest_route=\/wp\/v2\/posts\/44832"}],"collection":[{"href":"https:\/\/economiapoliticacba.com\/index.php?rest_route=\/wp\/v2\/posts"}],"about":[{"href":"https:\/\/economiapoliticacba.com\/index.php?rest_route=\/wp\/v2\/types\/post"}],"author":[{"embeddable":true,"href":"https:\/\/economiapoliticacba.com\/index.php?rest_route=\/wp\/v2\/users\/1"}],"replies":[{"embeddable":true,"href":"https:\/\/economiapoliticacba.com\/index.php?rest_route=%2Fwp%2Fv2%2Fcomments&post=44832"}],"version-history":[{"count":0,"href":"https:\/\/economiapoliticacba.com\/index.php?rest_route=\/wp\/v2\/posts\/44832\/revisions"}],"wp:featuredmedia":[{"embeddable":true,"href":"https:\/\/economiapoliticacba.com\/index.php?rest_route=\/wp\/v2\/media\/44833"}],"wp:attachment":[{"href":"https:\/\/economiapoliticacba.com\/index.php?rest_route=%2Fwp%2Fv2%2Fmedia&parent=44832"}],"wp:term":[{"taxonomy":"category","embeddable":true,"href":"https:\/\/economiapoliticacba.com\/index.php?rest_route=%2Fwp%2Fv2%2Fcategories&post=44832"},{"taxonomy":"post_tag","embeddable":true,"href":"https:\/\/economiapoliticacba.com\/index.php?rest_route=%2Fwp%2Fv2%2Ftags&post=44832"}],"curies":[{"name":"wp","href":"https:\/\/api.w.org\/{rel}","templated":true}]}}