{"id":44826,"date":"2025-11-12T23:10:00","date_gmt":"2025-11-12T23:10:00","guid":{"rendered":"https:\/\/comercioyjusticia.info\/?p=489413"},"modified":"2025-11-12T23:10:00","modified_gmt":"2025-11-12T23:10:00","slug":"claves-del-fallo-de-la-corte-para-subir-indemnizacion-por-mala-praxis-en-parto","status":"publish","type":"post","link":"https:\/\/economiapoliticacba.com\/?p=44826","title":{"rendered":"Claves del fallo de la Corte para subir indemnizaci\u00f3n por mala praxis en parto"},"content":{"rendered":"<div><img src=\"https:\/\/comercioyjusticia.info\/wp-content\/uploads\/2017\/08\/bebe.jpg\" class=\"ff-og-image-inserted\"><\/div>\n<p>La&nbsp;<strong>Corte Suprema de Justicia de la Naci\u00f3n<\/strong>&nbsp;sent\u00f3 un precedente al ordenar el&nbsp;<strong>aumento de una indemnizaci\u00f3n<\/strong>&nbsp;para los padres de una ni\u00f1a que sufri\u00f3&nbsp;<strong>par\u00e1lisis cerebral<\/strong>&nbsp;durante su nacimiento, en un caso de presunta mala praxis ocurrido en 2002.<\/p>\n<p>El m\u00e1ximo tribunal, con las firmas de&nbsp;<strong>Horacio Rosatti, Carlos Rosenkrantz y Ricardo Lorenzetti<\/strong>, hizo lugar al reclamo por da\u00f1o moral y lucro cesante, tras considerar&nbsp;<strong>\u201carbitraria\u201d<\/strong>&nbsp;la decisi\u00f3n de la C\u00e1mara Nacional de Apelaciones en lo Civil, que hab\u00eda reducido dr\u00e1sticamente los montos.<\/p>\n<p>La demanda fue iniciada por una pareja contra el obstetra, la partera y varias instituciones, incluyendo \u201cSwiss Medical Group S.A.\u201d y la \u201cCl\u00ednica y Maternidad Suizo Argentina S.A.\u201d.<\/p>\n<p>Seg\u00fan la denuncia, una deficiente atenci\u00f3n m\u00e9dica durante el parto provoc\u00f3 en la ni\u00f1a una \u201cencefalopat\u00eda hip\u00f3xico-isqu\u00e9mica perinatal\u201d. A consecuencia de ello, la menor padece&nbsp;<strong>par\u00e1lisis cerebral de grado IV<\/strong>: est\u00e1 en silla de ruedas, depende de un bot\u00f3n g\u00e1strico para alimentarse, no habla ni controla esf\u00ednteres.<\/p>\n<p>Aunque la jueza de primera instancia hab\u00eda condenado a todos los demandados, la Sala K de la C\u00e1mara Civil revoc\u00f3 parcialmente ese fallo en 2021.<\/p>\n<p>La C\u00e1mara eximi\u00f3 de responsabilidad al obstetra y la partera, y sembr\u00f3 dudas al sostener que \u201cno pod\u00eda descartarse que la causa de la par\u00e1lisis fuera anterior al nacimiento\u201d. Con ese argumento,&nbsp;<strong>redujo los montos indemnizatorios<\/strong>.<\/p>\n<p><strong>\u201cFue arbitraria\u201d<\/strong><\/p>\n<p>La Corte Suprema consider\u00f3 que la sentencia de la C\u00e1mara fue arbitraria. Las claves de su fallo fueron:<\/p>\n<ul class=\"wp-block-list\">\n<li>Por el da\u00f1o a la ni\u00f1a: Los ministros se\u00f1alaron que los argumentos de la C\u00e1mara para reducir el monto del da\u00f1o moral \u201cno\u2026 resultan fundamento m\u00ednimamente aceptable\u201d, dadas las graves condiciones de la joven.<\/li>\n<li>Por el da\u00f1o a los padres: El fallo tambi\u00e9n cuestion\u00f3 la reducci\u00f3n de la indemnizaci\u00f3n a los padres. La Corte remarc\u00f3 que las graves secuelas de su hija generan una \u201cterrible angustia e incertidumbre familiar\u201d y que los argumentos de la C\u00e1mara \u201cno son consistentes con la magnitud del padecimiento\u201d.<\/li>\n<\/ul>\n","protected":false},"excerpt":{"rendered":"<p>La&nbsp;Corte Suprema de Justicia de la Naci\u00f3n&nbsp;sent\u00f3 un precedente al ordenar el&nbsp;aumento de una indemnizaci\u00f3n&nbsp;para los padres de una ni\u00f1a que sufri\u00f3&nbsp;par\u00e1lisis cerebral&nbsp;durante su nacimiento, en un caso de presunta mala praxis ocurrido en 2002. El m\u00e1ximo tribunal, con las firmas de&nbsp;Horacio Rosatti, Carlos Rosenkrantz y Ricardo Lorenzetti, hizo lugar al reclamo por da\u00f1o moral [&hellip;]<\/p>\n","protected":false},"author":1,"featured_media":44827,"comment_status":"open","ping_status":"closed","sticky":false,"template":"","format":"standard","meta":{"om_disable_all_campaigns":false,"_monsterinsights_skip_tracking":false,"_monsterinsights_sitenote_active":false,"_monsterinsights_sitenote_note":"","_monsterinsights_sitenote_category":0},"categories":[21],"tags":[],"aioseo_notices":[],"_links":{"self":[{"href":"https:\/\/economiapoliticacba.com\/index.php?rest_route=\/wp\/v2\/posts\/44826"}],"collection":[{"href":"https:\/\/economiapoliticacba.com\/index.php?rest_route=\/wp\/v2\/posts"}],"about":[{"href":"https:\/\/economiapoliticacba.com\/index.php?rest_route=\/wp\/v2\/types\/post"}],"author":[{"embeddable":true,"href":"https:\/\/economiapoliticacba.com\/index.php?rest_route=\/wp\/v2\/users\/1"}],"replies":[{"embeddable":true,"href":"https:\/\/economiapoliticacba.com\/index.php?rest_route=%2Fwp%2Fv2%2Fcomments&post=44826"}],"version-history":[{"count":0,"href":"https:\/\/economiapoliticacba.com\/index.php?rest_route=\/wp\/v2\/posts\/44826\/revisions"}],"wp:featuredmedia":[{"embeddable":true,"href":"https:\/\/economiapoliticacba.com\/index.php?rest_route=\/wp\/v2\/media\/44827"}],"wp:attachment":[{"href":"https:\/\/economiapoliticacba.com\/index.php?rest_route=%2Fwp%2Fv2%2Fmedia&parent=44826"}],"wp:term":[{"taxonomy":"category","embeddable":true,"href":"https:\/\/economiapoliticacba.com\/index.php?rest_route=%2Fwp%2Fv2%2Fcategories&post=44826"},{"taxonomy":"post_tag","embeddable":true,"href":"https:\/\/economiapoliticacba.com\/index.php?rest_route=%2Fwp%2Fv2%2Ftags&post=44826"}],"curies":[{"name":"wp","href":"https:\/\/api.w.org\/{rel}","templated":true}]}}