{"id":44824,"date":"2025-11-12T23:27:38","date_gmt":"2025-11-12T23:27:38","guid":{"rendered":"https:\/\/comercioyjusticia.info\/?p=489408"},"modified":"2025-11-12T23:27:38","modified_gmt":"2025-11-12T23:27:38","slug":"inflacion-fue-de-23-en-octubre-acumula-alza-del-313-en-los-ultimos-doce-meses","status":"publish","type":"post","link":"https:\/\/economiapoliticacba.com\/?p=44824","title":{"rendered":"Inflaci\u00f3n: fue de 2,3% en octubre, acumula alza del 31,3% en los \u00faltimos doce meses"},"content":{"rendered":"<div><img src=\"https:\/\/comercioyjusticia.info\/wp-content\/uploads\/2023\/10\/compras-super-Indice-almaceneros-inflacion-jpg.webp\" class=\"ff-og-image-inserted\"><\/div>\n<p>La inflaci\u00f3n registr\u00f3 una leve aceleraci\u00f3n y fue del&nbsp;<strong>2,3%<\/strong>&nbsp;en octubre \u00faltimo, con lo que acumul\u00f3 un alza del&nbsp;<strong>31,3%<\/strong>&nbsp;en los \u00faltimos doce meses. As\u00ed lo inform\u00f3 el Indec. En los que va del a\u00f1o los precios subieron&nbsp;<strong>24,8%.&nbsp;<\/strong><\/p>\n<p>El ministro de Econom\u00eda, Luis Caputo, destac\u00f3 que este indicador clave registr\u00f3 \u201cdieciocho meses consecutivos de desaceleraci\u00f3n en la comparaci\u00f3n contra igual mes del a\u00f1o anterior y subray\u00f3 que \u201cesta variaci\u00f3n interanual es la m\u00e1s baja desde julio de 2018\u2033.<\/p>\n<p>El titular del Palacio de Hacienda destac\u00f3 que la din\u00e1mica inflacionaria acumulada en los primeros 10 meses del a\u00f1o fue&nbsp;\u201cla menor para este per\u00edodo del a\u00f1o desde 2017 (19,4%)\u201d.&nbsp;<\/p>\n<p>Y dijo que&nbsp;\u201cla media m\u00f3vil de seis meses de la inflaci\u00f3n general continu\u00f3 descendiendo y se ubic\u00f3 en 1,88%, siendo la m\u00e1s baja desde enero de 2018\u2033.<\/p>\n<p>\u201cAs\u00ed, el proceso de desinflaci\u00f3n continu\u00f3 a pesar de la ca\u00edda en la demanda de dinero generada por la incertidumbre electoral y los intentos de la oposici\u00f3n de romper el ancla fiscal en los \u00faltimos meses. Esto refleja la solidez del programa econ\u00f3mico y el \u00e9xito del orden fiscal y monetario en reducir el impacto de la volatilidad financiera sobre el poder adquisitivo de los argentinos\u201d, sostuvo Caputo.<\/p>\n<p>La divisi\u00f3n de mayor aumento en el mes fue&nbsp;Transporte (3,5%), seguida de&nbsp;Vivienda, agua, electricidad, gas y otros combustibles (2,8%).<\/p>\n","protected":false},"excerpt":{"rendered":"<p>La inflaci\u00f3n registr\u00f3 una leve aceleraci\u00f3n y fue del&nbsp;2,3%&nbsp;en octubre \u00faltimo, con lo que acumul\u00f3 un alza del&nbsp;31,3%&nbsp;en los \u00faltimos doce meses. As\u00ed lo inform\u00f3 el Indec. En los que va del a\u00f1o los precios subieron&nbsp;24,8%.&nbsp; El ministro de Econom\u00eda, Luis Caputo, destac\u00f3 que este indicador clave registr\u00f3 \u201cdieciocho meses consecutivos de desaceleraci\u00f3n en la [&hellip;]<\/p>\n","protected":false},"author":1,"featured_media":44825,"comment_status":"open","ping_status":"closed","sticky":false,"template":"","format":"standard","meta":{"om_disable_all_campaigns":false,"_monsterinsights_skip_tracking":false,"_monsterinsights_sitenote_active":false,"_monsterinsights_sitenote_note":"","_monsterinsights_sitenote_category":0},"categories":[17,21],"tags":[],"aioseo_notices":[],"_links":{"self":[{"href":"https:\/\/economiapoliticacba.com\/index.php?rest_route=\/wp\/v2\/posts\/44824"}],"collection":[{"href":"https:\/\/economiapoliticacba.com\/index.php?rest_route=\/wp\/v2\/posts"}],"about":[{"href":"https:\/\/economiapoliticacba.com\/index.php?rest_route=\/wp\/v2\/types\/post"}],"author":[{"embeddable":true,"href":"https:\/\/economiapoliticacba.com\/index.php?rest_route=\/wp\/v2\/users\/1"}],"replies":[{"embeddable":true,"href":"https:\/\/economiapoliticacba.com\/index.php?rest_route=%2Fwp%2Fv2%2Fcomments&post=44824"}],"version-history":[{"count":0,"href":"https:\/\/economiapoliticacba.com\/index.php?rest_route=\/wp\/v2\/posts\/44824\/revisions"}],"wp:featuredmedia":[{"embeddable":true,"href":"https:\/\/economiapoliticacba.com\/index.php?rest_route=\/wp\/v2\/media\/44825"}],"wp:attachment":[{"href":"https:\/\/economiapoliticacba.com\/index.php?rest_route=%2Fwp%2Fv2%2Fmedia&parent=44824"}],"wp:term":[{"taxonomy":"category","embeddable":true,"href":"https:\/\/economiapoliticacba.com\/index.php?rest_route=%2Fwp%2Fv2%2Fcategories&post=44824"},{"taxonomy":"post_tag","embeddable":true,"href":"https:\/\/economiapoliticacba.com\/index.php?rest_route=%2Fwp%2Fv2%2Ftags&post=44824"}],"curies":[{"name":"wp","href":"https:\/\/api.w.org\/{rel}","templated":true}]}}