{"id":44822,"date":"2025-11-13T01:18:36","date_gmt":"2025-11-13T01:18:36","guid":{"rendered":"https:\/\/comercioyjusticia.info\/?p=489449"},"modified":"2025-11-13T01:18:36","modified_gmt":"2025-11-13T01:18:36","slug":"empresarios-ponderaron-la-baja-impositiva-anunciada-por-llaryora","status":"publish","type":"post","link":"https:\/\/economiapoliticacba.com\/?p=44822","title":{"rendered":"Empresarios ponderaron la baja impositiva anunciada por Llaryora"},"content":{"rendered":"<div><img src=\"https:\/\/comercioyjusticia.info\/wp-content\/uploads\/2025\/09\/martin-llaryora-2024jfif.webp\" class=\"ff-og-image-inserted\"><\/div>\n<p>A\u00fan cuando todav\u00eda falta conocer el contenido de los anuncios, el Grupo de Entidades Empresarias de C\u00f3rdoba (G7) valor\u00f3 el anticipo del gobernador Mart\u00edn Llaryora sobre una reducci\u00f3n impositiva que ser\u00e1 incorporada al proyecto de Presupuesto 2026.<\/p>\n<p>La entidad destac\u00f3 que toda disminuci\u00f3n de la carga tributaria que alivie a la actividad privada y promueva la inversi\u00f3n \u201ces una se\u00f1al positiva y va en la direcci\u00f3n correcta, especialmente para los sectores productivos que sostienen el empleo y la din\u00e1mica econ\u00f3mica de la provincia\u201d.<\/p>\n<p>El comunicado del G7 subraya que, en un contexto donde la presi\u00f3n impositiva ha sido hist\u00f3ricamente una de las principales restricciones para la competitividad y la formalizaci\u00f3n de la econom\u00eda, la decisi\u00f3n del Ejecutivo provincial \u201cva en la direcci\u00f3n correcta\u201d.<\/p>\n<p>Asimismo, el grupo empresario celebr\u00f3 que C\u00f3rdoba avance hacia \u201cun esquema impositivo m\u00e1s simple, equitativo y competitivo\u201d, aunque advirti\u00f3 que el principal desaf\u00edo ser\u00e1 garantizar que las promesas de alivio fiscal \u201cse traduzcan en hechos concretos dentro del proyecto de Presupuesto 2026\u201d.<\/p>\n<p>El G7 manifest\u00f3 adem\u00e1s que espera que la iniciativa combine \u201csimplificaci\u00f3n tributaria, promoci\u00f3n de la inversi\u00f3n productiva y equilibrio fiscal\u201d, e inst\u00f3 a las fuerzas con representaci\u00f3n en la Legislatura a acompa\u00f1ar el proyecto \u201ccon responsabilidad y compromiso fiscal\u201d.<\/p>\n<p>En declaraciones period\u00edsticas, y tras la reuni\u00f3n que mantuvo en la Casa Rosada con el ministro del Interior, Diego Santilli, y el jefe de Gabinete, Manuel Adorni, Llaryora mencion\u00f3 que el anuncio que se conocer\u00e1 en la tarde del viernes, avanzar\u00e1 en una \u201cfuerte y casi hist\u00f3rica\u201d, reducci\u00f3n impositiva.<\/p>\n","protected":false},"excerpt":{"rendered":"<p>A\u00fan cuando todav\u00eda falta conocer el contenido de los anuncios, el Grupo de Entidades Empresarias de C\u00f3rdoba (G7) valor\u00f3 el anticipo del gobernador Mart\u00edn Llaryora sobre una reducci\u00f3n impositiva que ser\u00e1 incorporada al proyecto de Presupuesto 2026. La entidad destac\u00f3 que toda disminuci\u00f3n de la carga tributaria que alivie a la actividad privada y promueva [&hellip;]<\/p>\n","protected":false},"author":1,"featured_media":44823,"comment_status":"open","ping_status":"closed","sticky":false,"template":"","format":"standard","meta":{"om_disable_all_campaigns":false,"_monsterinsights_skip_tracking":false,"_monsterinsights_sitenote_active":false,"_monsterinsights_sitenote_note":"","_monsterinsights_sitenote_category":0},"categories":[17,21],"tags":[],"aioseo_notices":[],"_links":{"self":[{"href":"https:\/\/economiapoliticacba.com\/index.php?rest_route=\/wp\/v2\/posts\/44822"}],"collection":[{"href":"https:\/\/economiapoliticacba.com\/index.php?rest_route=\/wp\/v2\/posts"}],"about":[{"href":"https:\/\/economiapoliticacba.com\/index.php?rest_route=\/wp\/v2\/types\/post"}],"author":[{"embeddable":true,"href":"https:\/\/economiapoliticacba.com\/index.php?rest_route=\/wp\/v2\/users\/1"}],"replies":[{"embeddable":true,"href":"https:\/\/economiapoliticacba.com\/index.php?rest_route=%2Fwp%2Fv2%2Fcomments&post=44822"}],"version-history":[{"count":0,"href":"https:\/\/economiapoliticacba.com\/index.php?rest_route=\/wp\/v2\/posts\/44822\/revisions"}],"wp:featuredmedia":[{"embeddable":true,"href":"https:\/\/economiapoliticacba.com\/index.php?rest_route=\/wp\/v2\/media\/44823"}],"wp:attachment":[{"href":"https:\/\/economiapoliticacba.com\/index.php?rest_route=%2Fwp%2Fv2%2Fmedia&parent=44822"}],"wp:term":[{"taxonomy":"category","embeddable":true,"href":"https:\/\/economiapoliticacba.com\/index.php?rest_route=%2Fwp%2Fv2%2Fcategories&post=44822"},{"taxonomy":"post_tag","embeddable":true,"href":"https:\/\/economiapoliticacba.com\/index.php?rest_route=%2Fwp%2Fv2%2Ftags&post=44822"}],"curies":[{"name":"wp","href":"https:\/\/api.w.org\/{rel}","templated":true}]}}