{"id":44782,"date":"2025-11-12T01:53:19","date_gmt":"2025-11-12T01:53:19","guid":{"rendered":"https:\/\/comercioyjusticia.info\/?p=489266"},"modified":"2025-11-12T01:53:19","modified_gmt":"2025-11-12T01:53:19","slug":"llaryora-adelanto-que-el-presupuesto-2026-incluira-una-rebaja-historica-de-impuestos","status":"publish","type":"post","link":"https:\/\/economiapoliticacba.com\/?p=44782","title":{"rendered":"Llaryora adelant\u00f3 que el Presupuesto 2026 incluir\u00e1 una \u201crebaja hist\u00f3rica\u201d de impuestos"},"content":{"rendered":"<div><img src=\"https:\/\/comercioyjusticia.info\/wp-content\/uploads\/2025\/11\/Santilli-Llaryora.webp\" class=\"ff-og-image-inserted\"><\/div>\n<p>El gobernador Mart\u00edn Llaryora adelant\u00f3 que enviar\u00e1 un proyecto de Presupuesto a la Legislatura que incluir\u00e1 \u201cuna rebaja hist\u00f3rica\u201d en materia impositiva.<\/p>\n<p>Casi al mismo tiempo, bloques de la oposici\u00f3n reclamaron que el proyecto \u201cno sea un dibujo\u201d.<\/p>\n<p>El mandatario, quien habl\u00f3 con La Voz en Vivo, asegur\u00f3 que el proyecto buscar\u00e1 \u201cgenerar un programa casi hist\u00f3rico de reducci\u00f3n y est\u00edmulo a la inversi\u00f3n\u201d.<\/p>\n<p>Anticip\u00f3 que el paquete que llegar\u00e1 a la Unicameral este viernes no se limitar\u00e1 a una baja general de impuestos sino que tambi\u00e9n incluir\u00e1 \u201cmedidas espec\u00edficas\u201d para sectores hoy fuera de los beneficios fiscales. \u201cVamos a mensurar su costo fiscal para que todos conozcan el impacto real\u201d, sostuvo.<\/p>\n<p>Los legisladores opositores dijeron que esperan el ingreso de las partidas, aunque no confiaron en que la rebaja se concrete. Durante este a\u00f1o, su principal reclamo fue denunciar un \u201cimpuestazo provincial\u201d<\/p>\n<p>Hoy se realizar\u00e1 la sesi\u00f3n ordinaria, previa a la llegada del proyecto. Algunos bloques anticiparon que exigir\u00e1n debatir tambi\u00e9n la Cuenta de Inversi\u00f3n 2024, que detalla los gastos del primer a\u00f1o de gesti\u00f3n de Llaryora.<\/p>\n<p>El presidente del bloque del Frente C\u00edvico, Walter Nostrala, fue cr\u00edtico: \u201cYa nos tienen acostumbrados al dibujo y al marketing. No cumple con lo que promete. Anunci\u00f3 un aumento para jubilados que es una verg\u00fcenza y no ejecuta el presupuesto educativo como marca la ley\u201d.<\/p>\n<p>En la misma l\u00ednea, agreg\u00f3: \u201cLa f\u00f3rmula populista de Llaryora es endeudamiento, impuestazo y nulo ajuste del gasto pol\u00edtico. No espero nada distinto para 2026\u201d.<\/p>\n<p>En tanto, el legislador de Encuentro Vecinal, Rodrigo Agrelo, advirti\u00f3 que el oficialismo a\u00fan no trat\u00f3 la Cuenta de Inversi\u00f3n 2024.<\/p>\n<p>\u201cEsperamos que el Gobierno reaccione. Ser\u00eda bueno que muestre austeridad en el gasto y prudencia en el cobro de impuestos. El aumento de impuestos del a\u00f1o pasado super\u00f3 ampliamente la inflaci\u00f3n. Adem\u00e1s, el Gobernador anunci\u00f3 en febrero reducir el n\u00famero de agencias. Pas\u00f3 todo el a\u00f1o y reci\u00e9n hace una semana implementaron un cambio que no sabemos si realmente significa un ahorro del gasto p\u00fablico\u201d, agreg\u00f3. Asimismo record\u00f3 que Encuentro Vecinal present\u00f3 un proyecto para una reducci\u00f3n impositiva de 30% con fondos del super\u00e1vit y quita de gastos de las agencias.<\/p>\n<p>Seg\u00fan el art\u00edculo 31 de la Constituci\u00f3n Provincial, se debe \u201caprobar o desechar las cuentas de inversi\u00f3n del a\u00f1o fenecido, dentro del per\u00edodo ordinario en que se remitan\u201d y que \u201csi no son observadas en ese per\u00edodo, quedar\u00e1n aprobadas\u201d.<\/p>\n<p>Por su parte, Walter Gispert (Frente C\u00edvico) present\u00f3 un proyecto para que la Comisi\u00f3n de Econom\u00eda trate \u201cde inmediato\u201d la rendici\u00f3n de cuentas. \u201cLa omisi\u00f3n es deliberada y vulnera los deberes de control legislativo\u201d, se\u00f1al\u00f3.<\/p>\n<p>\u201cPedimos se declare la urgencia institucional, presupuestaria y republicana de abordar la rendici\u00f3n de cuentas del Gobierno provincial se\u00f1alando que la falta de tratamiento implica un serio incumplimiento de los deberes de control legislativo y transparencia. Han pasado varios meses desde la presentaci\u00f3n del proyecto y la Comisi\u00f3n de Econom\u00eda a\u00fan no convoc\u00f3 a sesi\u00f3n. La omisi\u00f3n es deliberada\u201d, dijo Gispert.<\/p>\n<p>Por la UCR, Mat\u00edas Gvozdenovich pidi\u00f3 \u201cque no sea solo marketing publicitario\u201d. \u201cSeguramente cuando la gente vaya a pagar ver\u00e1 que no hay reducci\u00f3n de impuestos. No confiamos porque en el \u00faltimo presupuesto hubo trampitas\u2026 Veremos qu\u00e9 llega, pero por lo pronto no veo que haga alguna reducci\u00f3n de impuestos grandes. Veo m\u00e1s anuncio y marketing publicitario\u201d, dijo.<\/p>\n<p>\u201cDicen una reducci\u00f3n impositiva hist\u00f3rica para C\u00f3rdoba. Empezar\u00e1n con 2023 hasta la fecha para mostrar que redujeron los impuestos. Pero ah\u00ed est\u00e1 la trampita, porque cuando vas a un comparativo 2018 a 2024 no hubo modificaci\u00f3n de al\u00edcuotas para Comercio, entonces la mayor\u00eda pag\u00f3 al\u00edcuota agravada de cinco por ciento de Ingresos Brutos\u201d, insisti\u00f3.<\/p>\n<p>La presidente del interbloque Juntos por el Cambio, Alejandra Ferrero, consider\u00f3 que la iniciativa \u201cresponde a la derrota electoral\u201d. \u201cNecesita armar marketing y lo har\u00e1n con una rebaja impositiva ficticia, en el sentido que ya los ajust\u00f3 de manera exponencial en el aumento en el Inmobiliario Rural y Urbano, con lo cual ahora tiene margen para poder hacer una rebaja impositiva. No tengo muchas expectativas de que eso se traslade en una rebaja. Hoy el costo C\u00f3rdoba es car\u00edsimo y har\u00e1n una simulaci\u00f3n\u201d, enfatiz\u00f3 la radical.<\/p>\n<p>El liberal Gregorio Hern\u00e1ndez Maqueda fue m\u00e1s tajante. \u201cEs una verg\u00fcenza que todav\u00eda no se haya tratado la Cuenta de Inversi\u00f3n 2024. Cualquier nuevo presupuesto llega viciado. Si no se analizan los gastos del a\u00f1o anterior, \u00bfpor qu\u00e9 creer que ahora pasar\u00e1n de un impuestazo a una rebaja real?\u201d, pregunt\u00f3.<\/p>\n","protected":false},"excerpt":{"rendered":"<p>El gobernador Mart\u00edn Llaryora adelant\u00f3 que enviar\u00e1 un proyecto de Presupuesto a la Legislatura que incluir\u00e1 \u201cuna rebaja hist\u00f3rica\u201d en materia impositiva. Casi al mismo tiempo, bloques de la oposici\u00f3n reclamaron que el proyecto \u201cno sea un dibujo\u201d. El mandatario, quien habl\u00f3 con La Voz en Vivo, asegur\u00f3 que el proyecto buscar\u00e1 \u201cgenerar un programa [&hellip;]<\/p>\n","protected":false},"author":1,"featured_media":44783,"comment_status":"open","ping_status":"closed","sticky":false,"template":"","format":"standard","meta":{"om_disable_all_campaigns":false,"_monsterinsights_skip_tracking":false,"_monsterinsights_sitenote_active":false,"_monsterinsights_sitenote_note":"","_monsterinsights_sitenote_category":0},"categories":[17,21],"tags":[],"aioseo_notices":[],"_links":{"self":[{"href":"https:\/\/economiapoliticacba.com\/index.php?rest_route=\/wp\/v2\/posts\/44782"}],"collection":[{"href":"https:\/\/economiapoliticacba.com\/index.php?rest_route=\/wp\/v2\/posts"}],"about":[{"href":"https:\/\/economiapoliticacba.com\/index.php?rest_route=\/wp\/v2\/types\/post"}],"author":[{"embeddable":true,"href":"https:\/\/economiapoliticacba.com\/index.php?rest_route=\/wp\/v2\/users\/1"}],"replies":[{"embeddable":true,"href":"https:\/\/economiapoliticacba.com\/index.php?rest_route=%2Fwp%2Fv2%2Fcomments&post=44782"}],"version-history":[{"count":0,"href":"https:\/\/economiapoliticacba.com\/index.php?rest_route=\/wp\/v2\/posts\/44782\/revisions"}],"wp:featuredmedia":[{"embeddable":true,"href":"https:\/\/economiapoliticacba.com\/index.php?rest_route=\/wp\/v2\/media\/44783"}],"wp:attachment":[{"href":"https:\/\/economiapoliticacba.com\/index.php?rest_route=%2Fwp%2Fv2%2Fmedia&parent=44782"}],"wp:term":[{"taxonomy":"category","embeddable":true,"href":"https:\/\/economiapoliticacba.com\/index.php?rest_route=%2Fwp%2Fv2%2Fcategories&post=44782"},{"taxonomy":"post_tag","embeddable":true,"href":"https:\/\/economiapoliticacba.com\/index.php?rest_route=%2Fwp%2Fv2%2Ftags&post=44782"}],"curies":[{"name":"wp","href":"https:\/\/api.w.org\/{rel}","templated":true}]}}