{"id":44746,"date":"2025-11-10T22:00:17","date_gmt":"2025-11-10T22:00:17","guid":{"rendered":"https:\/\/comercioyjusticia.info\/?p=489046"},"modified":"2025-11-10T22:00:17","modified_gmt":"2025-11-10T22:00:17","slug":"positiva-cordial-y-productiva-asi-califico-llaryora-su-reunion-con-santilli","status":"publish","type":"post","link":"https:\/\/economiapoliticacba.com\/?p=44746","title":{"rendered":"\u201cPositiva, cordial y productiva\u201d: as\u00ed calific\u00f3 Llaryora su reuni\u00f3n con Santilli"},"content":{"rendered":"<div><img src=\"https:\/\/comercioyjusticia.info\/wp-content\/uploads\/2025\/11\/Santilli-Llaryora.webp\" class=\"ff-og-image-inserted\"><\/div>\n<p>El jefe de Gabinete&nbsp;Manuel Adorni y el futuro ministro del Interior&nbsp;Diego Santilli recibieron a un grupo de gobernadores para tratar de consensuar las reformas que el Poder Ejecutivo impulsar\u00e1 en el Congreso y conseguir apoyo para el Presupuesto 2026.<\/p>\n<p>El primero en llegar a la Casa Rosada fue el mandatario de San Juan,&nbsp;Marcelo Orrego. Luego fue el turno del gobernador Mart\u00edn Llaryora, quien al cierre de la reuni\u00f3n sostuvo que fue \u201cpositiva, cordial y productiva\u201d. <strong>Afirm\u00f3 adem\u00e1s que ve con \u201cbuenos ojos\u201d lo que defini\u00f3 como \u201cesta nueva etapa\u201d, por la b\u00fasqueda de acuerdos.<\/strong><\/p>\n","protected":false},"excerpt":{"rendered":"<p>El jefe de Gabinete&nbsp;Manuel Adorni y el futuro ministro del Interior&nbsp;Diego Santilli recibieron a un grupo de gobernadores para tratar de consensuar las reformas que el Poder Ejecutivo impulsar\u00e1 en el Congreso y conseguir apoyo para el Presupuesto 2026. El primero en llegar a la Casa Rosada fue el mandatario de San Juan,&nbsp;Marcelo Orrego. Luego [&hellip;]<\/p>\n","protected":false},"author":1,"featured_media":44747,"comment_status":"open","ping_status":"closed","sticky":false,"template":"","format":"standard","meta":{"om_disable_all_campaigns":false,"_monsterinsights_skip_tracking":false,"_monsterinsights_sitenote_active":false,"_monsterinsights_sitenote_note":"","_monsterinsights_sitenote_category":0},"categories":[21],"tags":[],"aioseo_notices":[],"_links":{"self":[{"href":"https:\/\/economiapoliticacba.com\/index.php?rest_route=\/wp\/v2\/posts\/44746"}],"collection":[{"href":"https:\/\/economiapoliticacba.com\/index.php?rest_route=\/wp\/v2\/posts"}],"about":[{"href":"https:\/\/economiapoliticacba.com\/index.php?rest_route=\/wp\/v2\/types\/post"}],"author":[{"embeddable":true,"href":"https:\/\/economiapoliticacba.com\/index.php?rest_route=\/wp\/v2\/users\/1"}],"replies":[{"embeddable":true,"href":"https:\/\/economiapoliticacba.com\/index.php?rest_route=%2Fwp%2Fv2%2Fcomments&post=44746"}],"version-history":[{"count":0,"href":"https:\/\/economiapoliticacba.com\/index.php?rest_route=\/wp\/v2\/posts\/44746\/revisions"}],"wp:featuredmedia":[{"embeddable":true,"href":"https:\/\/economiapoliticacba.com\/index.php?rest_route=\/wp\/v2\/media\/44747"}],"wp:attachment":[{"href":"https:\/\/economiapoliticacba.com\/index.php?rest_route=%2Fwp%2Fv2%2Fmedia&parent=44746"}],"wp:term":[{"taxonomy":"category","embeddable":true,"href":"https:\/\/economiapoliticacba.com\/index.php?rest_route=%2Fwp%2Fv2%2Fcategories&post=44746"},{"taxonomy":"post_tag","embeddable":true,"href":"https:\/\/economiapoliticacba.com\/index.php?rest_route=%2Fwp%2Fv2%2Ftags&post=44746"}],"curies":[{"name":"wp","href":"https:\/\/api.w.org\/{rel}","templated":true}]}}