{"id":44744,"date":"2025-11-10T23:02:12","date_gmt":"2025-11-10T23:02:12","guid":{"rendered":"https:\/\/comercioyjusticia.info\/?p=489071"},"modified":"2025-11-10T23:02:12","modified_gmt":"2025-11-10T23:02:12","slug":"casas-particulares-se-acordaron-dos-subas-salariales-y-un-bono-de-hasta-14-000-para-noviembre-y-diciembre","status":"publish","type":"post","link":"https:\/\/economiapoliticacba.com\/?p=44744","title":{"rendered":"Casas Particulares: se acordaron dos subas salariales y un bono de hasta $14.000 para noviembre y diciembre"},"content":{"rendered":"<p>La Comisi\u00f3n Nacional de Trabajo de Casas Particulares (Cntcp) finaliz\u00f3 un acuerdo de recomposici\u00f3n salarial que impactar\u00e1 en los haberes del personal dom\u00e9stico correspondientes a noviembre y diciembre de 2025.<\/p>\n<p>El entendimiento, que espera su homologaci\u00f3n y publicaci\u00f3n oficial, contempla una suba progresiva de los sueldos m\u00ednimos y la entrega de una suma fija, no remunerativa y por \u00fanica vez en ambos meses.<\/p>\n<p>El esquema de aumentos es el siguiente:<br \/>Noviembre: Se aplicar\u00e1 un incremento del 1,4% sobre los salarios m\u00ednimos vigentes en septiembre de 2025 (el mes de octubre no registra variaci\u00f3n en el b\u00e1sico).<br \/>Diciembre: El sueldo m\u00ednimo recibir\u00e1 un ajuste adicional del 1,3%, calculado sobre la base de las remuneraciones m\u00ednimas de noviembre de 2025.<\/p>\n<p>Adem\u00e1s de estos porcentajes, los trabajadores y trabajadoras del sector percibir\u00e1n un bono extraordinario en cada uno de esos meses, cuyo monto depender\u00e1 de la carga horaria semanal:<\/p>\n<p>Menos de 12 horas$ 6.000<br \/>Entre 12 y 16 horas$ 9.000<\/p>\n<p>M\u00e1s de 16 horas$ 14.000<\/p>\n<figure class=\"wp-block-image size-large\"><img loading=\"lazy\" decoding=\"async\" width=\"1024\" height=\"561\" src=\"https:\/\/comercioyjusticia.info\/wp-content\/uploads\/2025\/11\/Sueldos-UPACP-nov-dic-2025-1024x561.webp\" alt class=\"wp-image-489072\" srcset=\"https:\/\/comercioyjusticia.info\/wp-content\/uploads\/2025\/11\/Sueldos-UPACP-nov-dic-2025-1024x561.webp 1024w, https:\/\/comercioyjusticia.info\/wp-content\/uploads\/2025\/11\/Sueldos-UPACP-nov-dic-2025-300x164.webp 300w, https:\/\/comercioyjusticia.info\/wp-content\/uploads\/2025\/11\/Sueldos-UPACP-nov-dic-2025-768x421.webp 768w, https:\/\/comercioyjusticia.info\/wp-content\/uploads\/2025\/11\/Sueldos-UPACP-nov-dic-2025-600x329.webp 600w, https:\/\/comercioyjusticia.info\/wp-content\/uploads\/2025\/11\/Sueldos-UPACP-nov-dic-2025-750x411.webp 750w, https:\/\/comercioyjusticia.info\/wp-content\/uploads\/2025\/11\/Sueldos-UPACP-nov-dic-2025.webp 1066w\" sizes=\"(max-width: 1024px) 100vw, 1024px\"><\/figure>\n","protected":false},"excerpt":{"rendered":"<p>La Comisi\u00f3n Nacional de Trabajo de Casas Particulares (Cntcp) finaliz\u00f3 un acuerdo de recomposici\u00f3n salarial que impactar\u00e1 en los haberes del personal dom\u00e9stico correspondientes a noviembre y diciembre de 2025. El entendimiento, que espera su homologaci\u00f3n y publicaci\u00f3n oficial, contempla una suba progresiva de los sueldos m\u00ednimos y la entrega de una suma fija, no [&hellip;]<\/p>\n","protected":false},"author":1,"featured_media":44745,"comment_status":"open","ping_status":"closed","sticky":false,"template":"","format":"standard","meta":{"om_disable_all_campaigns":false,"_monsterinsights_skip_tracking":false,"_monsterinsights_sitenote_active":false,"_monsterinsights_sitenote_note":"","_monsterinsights_sitenote_category":0},"categories":[21],"tags":[],"aioseo_notices":[],"_links":{"self":[{"href":"https:\/\/economiapoliticacba.com\/index.php?rest_route=\/wp\/v2\/posts\/44744"}],"collection":[{"href":"https:\/\/economiapoliticacba.com\/index.php?rest_route=\/wp\/v2\/posts"}],"about":[{"href":"https:\/\/economiapoliticacba.com\/index.php?rest_route=\/wp\/v2\/types\/post"}],"author":[{"embeddable":true,"href":"https:\/\/economiapoliticacba.com\/index.php?rest_route=\/wp\/v2\/users\/1"}],"replies":[{"embeddable":true,"href":"https:\/\/economiapoliticacba.com\/index.php?rest_route=%2Fwp%2Fv2%2Fcomments&post=44744"}],"version-history":[{"count":0,"href":"https:\/\/economiapoliticacba.com\/index.php?rest_route=\/wp\/v2\/posts\/44744\/revisions"}],"wp:featuredmedia":[{"embeddable":true,"href":"https:\/\/economiapoliticacba.com\/index.php?rest_route=\/wp\/v2\/media\/44745"}],"wp:attachment":[{"href":"https:\/\/economiapoliticacba.com\/index.php?rest_route=%2Fwp%2Fv2%2Fmedia&parent=44744"}],"wp:term":[{"taxonomy":"category","embeddable":true,"href":"https:\/\/economiapoliticacba.com\/index.php?rest_route=%2Fwp%2Fv2%2Fcategories&post=44744"},{"taxonomy":"post_tag","embeddable":true,"href":"https:\/\/economiapoliticacba.com\/index.php?rest_route=%2Fwp%2Fv2%2Ftags&post=44744"}],"curies":[{"name":"wp","href":"https:\/\/api.w.org\/{rel}","templated":true}]}}