{"id":44742,"date":"2025-11-11T02:07:44","date_gmt":"2025-11-11T02:07:44","guid":{"rendered":"https:\/\/comercioyjusticia.info\/?p=489085"},"modified":"2025-11-11T02:07:44","modified_gmt":"2025-11-11T02:07:44","slug":"caputo-anda-a-dormir-tranquilo-con-el-dolar-no-va-a-pasar-nada","status":"publish","type":"post","link":"https:\/\/economiapoliticacba.com\/?p=44742","title":{"rendered":"Caputo: \u201cAnd\u00e1 a dormir tranquilo, con el d\u00f3lar no va a pasar nada\u201d."},"content":{"rendered":"<div><img src=\"https:\/\/comercioyjusticia.info\/wp-content\/uploads\/2025\/08\/luis-caputo-ministro-economia.webp\" class=\"ff-og-image-inserted\"><\/div>\n<p>El ministro de Econom\u00eda, Luis Caputo, se refiri\u00f3 a la evoluci\u00f3n del d\u00f3lar, defendi\u00f3 el sistema de bandas cambiarias y proyect\u00f3 que la inflaci\u00f3n podr\u00eda caer por debajo de uno por ciento a mitad del a\u00f1o que viene. Adem\u00e1s, destac\u00f3 los anuncios de inversiones de los \u00faltimos meses y adelant\u00f3 detalles sobre los proyectos de ley que enviar\u00e1n al Congreso.<\/p>\n<p>Asimismo coment\u00f3: \u201cMe siento c\u00f3modo con cualquier precio del d\u00f3lar que est\u00e9 dentro de la banda como va a estar. Estoy c\u00f3modo porque s\u00e9 que no puede pasar el techo de la banda. Preferir\u00eda que no fuera al piso de la banda cambiaria. Si hoy fuera muy por debajo, no le har\u00eda ning\u00fan bien a la econom\u00eda\u201d,&nbsp;<\/p>\n<p>Sobre la posibilidad de ir hacia una flotaci\u00f3n total del tipo de cambio, Caputo consider\u00f3 que el esquema actual \u201ces superior\u201d. Bajo su perspectiva, \u201cla gente hoy quiere previsibilidad y le estamos dando eso con las bandas\u201d, expres\u00f3 en entrevista con LN+ y a\u00f1adi\u00f3: \u201cLa gente no quiere sorpresas ni ver que el d\u00f3lar se fue a $1.700 porque pas\u00f3 algo. Adem\u00e1s, Argentina tiene todav\u00eda una situaci\u00f3n de demanda de dinero muy fr\u00e1gil. Ante cualquier situaci\u00f3n de incertidumbre, sea generada por algo pol\u00edtico o un shock externo, la demanda puede caer mucho m\u00e1s de lo que cae en un pa\u00eds normal. La reacci\u00f3n de la gente cuando pasa eso es ir al d\u00f3lar. Esto no es com\u00fan en todos los pa\u00edses\u201d.<\/p>\n<p>M\u00e1s adelante dijo: \u201cSi flot\u00e1ramos, hasta podr\u00eda funcionar bien. Pero esa decisi\u00f3n, ajustada por riesgo, no vale la pena. Porque lo que estamos haciendo con las bandas es flotar de manera gradual. Estamos logrando el mismo efecto pero d\u00e1ndole m\u00e1s tranquilidad a la gente. Si el d\u00f3lar sube al techo de la banda, de ah\u00ed no pasa\u201d y concluy\u00f3 con una frase llamativa: \u201cAs\u00ed que and\u00e1 a dormir tranquilo que con el d\u00f3lar no pasa nada\u201d.&nbsp;<\/p>\n","protected":false},"excerpt":{"rendered":"<p>El ministro de Econom\u00eda, Luis Caputo, se refiri\u00f3 a la evoluci\u00f3n del d\u00f3lar, defendi\u00f3 el sistema de bandas cambiarias y proyect\u00f3 que la inflaci\u00f3n podr\u00eda caer por debajo de uno por ciento a mitad del a\u00f1o que viene. Adem\u00e1s, destac\u00f3 los anuncios de inversiones de los \u00faltimos meses y adelant\u00f3 detalles sobre los proyectos de [&hellip;]<\/p>\n","protected":false},"author":1,"featured_media":44743,"comment_status":"open","ping_status":"closed","sticky":false,"template":"","format":"standard","meta":{"om_disable_all_campaigns":false,"_monsterinsights_skip_tracking":false,"_monsterinsights_sitenote_active":false,"_monsterinsights_sitenote_note":"","_monsterinsights_sitenote_category":0},"categories":[17,21],"tags":[],"aioseo_notices":[],"_links":{"self":[{"href":"https:\/\/economiapoliticacba.com\/index.php?rest_route=\/wp\/v2\/posts\/44742"}],"collection":[{"href":"https:\/\/economiapoliticacba.com\/index.php?rest_route=\/wp\/v2\/posts"}],"about":[{"href":"https:\/\/economiapoliticacba.com\/index.php?rest_route=\/wp\/v2\/types\/post"}],"author":[{"embeddable":true,"href":"https:\/\/economiapoliticacba.com\/index.php?rest_route=\/wp\/v2\/users\/1"}],"replies":[{"embeddable":true,"href":"https:\/\/economiapoliticacba.com\/index.php?rest_route=%2Fwp%2Fv2%2Fcomments&post=44742"}],"version-history":[{"count":0,"href":"https:\/\/economiapoliticacba.com\/index.php?rest_route=\/wp\/v2\/posts\/44742\/revisions"}],"wp:featuredmedia":[{"embeddable":true,"href":"https:\/\/economiapoliticacba.com\/index.php?rest_route=\/wp\/v2\/media\/44743"}],"wp:attachment":[{"href":"https:\/\/economiapoliticacba.com\/index.php?rest_route=%2Fwp%2Fv2%2Fmedia&parent=44742"}],"wp:term":[{"taxonomy":"category","embeddable":true,"href":"https:\/\/economiapoliticacba.com\/index.php?rest_route=%2Fwp%2Fv2%2Fcategories&post=44742"},{"taxonomy":"post_tag","embeddable":true,"href":"https:\/\/economiapoliticacba.com\/index.php?rest_route=%2Fwp%2Fv2%2Ftags&post=44742"}],"curies":[{"name":"wp","href":"https:\/\/api.w.org\/{rel}","templated":true}]}}