{"id":44711,"date":"2025-11-09T23:09:29","date_gmt":"2025-11-09T23:09:29","guid":{"rendered":"https:\/\/comercioyjusticia.info\/?p=488777"},"modified":"2025-11-09T23:09:29","modified_gmt":"2025-11-09T23:09:29","slug":"francia-no-firmara-el-acuerdo-comercial-ue-mercosur","status":"publish","type":"post","link":"https:\/\/economiapoliticacba.com\/?p=44711","title":{"rendered":"Francia no firmar\u00e1 el acuerdo comercial UE-Mercosur"},"content":{"rendered":"<div><img src=\"https:\/\/comercioyjusticia.info\/wp-content\/uploads\/2025\/11\/acuerdoue-mercosurjpg.webp\" class=\"ff-og-image-inserted\"><\/div>\n<p>El futuro del acuerdo comercial entre la Uni\u00f3n Europea (UE) y el Mercosur (Brasil, Argentina, Paraguay y Uruguay) enfrenta un nuevo y significativo obst\u00e1culo: el tajante rechazo de Francia. La ministra de Agricultura francesa, Annie Genevard, confirm\u00f3 hoy que su pa\u00eds \u201cno firmar\u00e1\u201d el pacto en su forma actual, argumentando que este \u201ccondenar\u00eda a sus agricultores\u201d a largo plazo.<\/p>\n<p>En declaraciones al peri\u00f3dico JDD, Genevard reafirm\u00f3 las \u201cl\u00edneas rojas\u201d de Par\u00eds, dejando clara la intenci\u00f3n de proteger al sector agropecuario nacional de la competencia sudamericana. \u201cQueremos apoyar a nuestros agricultores y por eso Francia no firmar\u00e1 un acuerdo que a la larga los condenar\u00eda\u201d, sentenci\u00f3 la ministra.<\/p>\n<p>Para que el Ejecutivo franc\u00e9s d\u00e9 su visto bueno, la ministra Genevard exige la inclusi\u00f3n de una cl\u00e1usula de salvaguarda agr\u00edcola efectiva. Esta medida permitir\u00eda suspender las negociaciones o la aplicaci\u00f3n del acuerdo en caso de que el mercado europeo se vea desestabilizado.<\/p>\n<p><strong>Adem\u00e1s, Francia reclama:<\/strong><\/p>\n<p>Medidas \u201cespejo\u201d que impidan la importaci\u00f3n a Europa de productos agr\u00edcolas que no cumplan con las estrictas normas sanitarias y medioambientales europeas y<br \/>un refuerzo de los controles sanitarios en los puntos de entrada al continente.<\/p>\n<p><strong>Contraste con Macron<\/strong><\/p>\n<p>La firme postura de la ministra contrasta con el tono m\u00e1s optimista mostrado esta misma semana por el presidente franc\u00e9s, Emmanuel Macron. Durante su visita a Brasil, el mandatario asegur\u00f3 ver \u201cperspectivas positivas\u201d para la firma, aunque se declar\u00f3 \u201cvigilante\u201d respecto a los t\u00e9rminos del acuerdo.<\/p>\n<p>El pacto, firmado a finales de 2024 y adoptado por la Comisi\u00f3n Europea el 3 de septiembre de 2025, a\u00fan debe ser aprobado por los 27 Estados miembros de la UE para entrar en vigor. Con la f\u00e9rrea oposici\u00f3n de Francia, sumada a la reticencia de otros pa\u00edses como Irlanda y Austria, la ratificaci\u00f3n se ve seriamente comprometida.<\/p>\n","protected":false},"excerpt":{"rendered":"<p>El futuro del acuerdo comercial entre la Uni\u00f3n Europea (UE) y el Mercosur (Brasil, Argentina, Paraguay y Uruguay) enfrenta un nuevo y significativo obst\u00e1culo: el tajante rechazo de Francia. La ministra de Agricultura francesa, Annie Genevard, confirm\u00f3 hoy que su pa\u00eds \u201cno firmar\u00e1\u201d el pacto en su forma actual, argumentando que este \u201ccondenar\u00eda a sus [&hellip;]<\/p>\n","protected":false},"author":1,"featured_media":44712,"comment_status":"open","ping_status":"closed","sticky":false,"template":"","format":"standard","meta":{"om_disable_all_campaigns":false,"_monsterinsights_skip_tracking":false,"_monsterinsights_sitenote_active":false,"_monsterinsights_sitenote_note":"","_monsterinsights_sitenote_category":0},"categories":[21],"tags":[],"aioseo_notices":[],"_links":{"self":[{"href":"https:\/\/economiapoliticacba.com\/index.php?rest_route=\/wp\/v2\/posts\/44711"}],"collection":[{"href":"https:\/\/economiapoliticacba.com\/index.php?rest_route=\/wp\/v2\/posts"}],"about":[{"href":"https:\/\/economiapoliticacba.com\/index.php?rest_route=\/wp\/v2\/types\/post"}],"author":[{"embeddable":true,"href":"https:\/\/economiapoliticacba.com\/index.php?rest_route=\/wp\/v2\/users\/1"}],"replies":[{"embeddable":true,"href":"https:\/\/economiapoliticacba.com\/index.php?rest_route=%2Fwp%2Fv2%2Fcomments&post=44711"}],"version-history":[{"count":0,"href":"https:\/\/economiapoliticacba.com\/index.php?rest_route=\/wp\/v2\/posts\/44711\/revisions"}],"wp:featuredmedia":[{"embeddable":true,"href":"https:\/\/economiapoliticacba.com\/index.php?rest_route=\/wp\/v2\/media\/44712"}],"wp:attachment":[{"href":"https:\/\/economiapoliticacba.com\/index.php?rest_route=%2Fwp%2Fv2%2Fmedia&parent=44711"}],"wp:term":[{"taxonomy":"category","embeddable":true,"href":"https:\/\/economiapoliticacba.com\/index.php?rest_route=%2Fwp%2Fv2%2Fcategories&post=44711"},{"taxonomy":"post_tag","embeddable":true,"href":"https:\/\/economiapoliticacba.com\/index.php?rest_route=%2Fwp%2Fv2%2Ftags&post=44711"}],"curies":[{"name":"wp","href":"https:\/\/api.w.org\/{rel}","templated":true}]}}