{"id":44709,"date":"2025-11-09T23:22:24","date_gmt":"2025-11-09T23:22:24","guid":{"rendered":"https:\/\/comercioyjusticia.info\/?p=488781"},"modified":"2025-11-09T23:22:24","modified_gmt":"2025-11-09T23:22:24","slug":"diego-santilli-jugara-como-ministro-del-interior-en-casa-rosada","status":"publish","type":"post","link":"https:\/\/economiapoliticacba.com\/?p=44709","title":{"rendered":"Diego Santilli jugar\u00e1 como ministro del Interior en Casa Rosada"},"content":{"rendered":"<div><img src=\"https:\/\/comercioyjusticia.info\/wp-content\/uploads\/2025\/11\/diego-santilli-20251026-2125980.jpg\" class=\"ff-og-image-inserted\"><\/div>\n<p>El diputado nacional electo por La Libertad Avanza (LLA), Diego Santilli, formalizar\u00e1 su incorporaci\u00f3n al Gabinete nacional este martes. Santilli jurar\u00e1 como nuevo titular del Ministerio del Interior ante el presidente de la Naci\u00f3n, Javier Milei, en una ceremonia que se llevar\u00e1 a cabo a las 15 horas en el Sal\u00f3n Blanco de Casa Rosada.<\/p>\n<p>La designaci\u00f3n, confirmada previamente a trav\u00e9s de la Oficina de Presidencia, marca el inicio formal de las funciones del exlegislador en un \u00e1rea clave para la relaci\u00f3n entre la Naci\u00f3n y las provincias.<\/p>\n<p><strong>Contacto con las provincias<\/strong><\/p>\n<p>Antes de su juramento, Santilli ya inici\u00f3 una ronda de encuentros con mandatarios provinciales. Se ha reunido con Ignacio Torres (Chubut) y Ra\u00fal Jalil (Catamarca), y tiene previstos encuentros para esta semana con Mart\u00edn Llaryora (C\u00f3rdoba), Gustavo S\u00e1enz (Salta) y Marcelo Orrego (San Juan).<\/p>\n<p>Tras su reuni\u00f3n, el gobernador Torres destac\u00f3 la sinton\u00eda en temas cruciales. \u201cMe reun\u00ed con el jefe de Gabinete de Ministros de la Naci\u00f3n, Manuel Adorni, y con el ministro del Interior, Diego Santilli, para seguir avanzando en el compromiso de eliminar las retenciones al petr\u00f3leo en Chubut,\u201d sostuvo Torres. El chubutense se mostr\u00f3 convencido de que la nueva etapa representa una oportunidad para \u201cconsolidar acuerdos a mediano y largo plazo\u201d e impulsar las \u201creformas estructurales necesarias.\u201d<\/p>\n<p><strong>El cruce con Kicillof<\/strong><\/p>\n<p>Pese al \u00e9nfasis en el di\u00e1logo con los gobernadores, Santilli ha trazado una clara excepci\u00f3n. El nuevo ministro del Interior confirm\u00f3 que no se reunir\u00e1 con el mandatario bonaerense, Axel Kicillof, a quien critic\u00f3 duramente por lo que considera un \u201cdoble discurso\u201d.<\/p>\n<p>\u201cMe aturde el doble discurso de Kicillof, no vot\u00f3 Boleta \u00danica, no fue al Pacto de Mayo, no adhiri\u00f3 a las leyes de Reincidencia y Reiterancia, no adhiri\u00f3 a Ley Antimafia,\u201d indic\u00f3 Santilli d\u00edas atr\u00e1s, se\u00f1alando que el gobernador bonaerense act\u00faa \u201ccontrariamente\u201d a las pol\u00edticas del Gobierno nacional mientras solicita di\u00e1logo por carta.<\/p>\n","protected":false},"excerpt":{"rendered":"<p>El diputado nacional electo por La Libertad Avanza (LLA), Diego Santilli, formalizar\u00e1 su incorporaci\u00f3n al Gabinete nacional este martes. Santilli jurar\u00e1 como nuevo titular del Ministerio del Interior ante el presidente de la Naci\u00f3n, Javier Milei, en una ceremonia que se llevar\u00e1 a cabo a las 15 horas en el Sal\u00f3n Blanco de Casa Rosada. [&hellip;]<\/p>\n","protected":false},"author":1,"featured_media":44710,"comment_status":"open","ping_status":"closed","sticky":false,"template":"","format":"standard","meta":{"om_disable_all_campaigns":false,"_monsterinsights_skip_tracking":false,"_monsterinsights_sitenote_active":false,"_monsterinsights_sitenote_note":"","_monsterinsights_sitenote_category":0},"categories":[21],"tags":[],"aioseo_notices":[],"_links":{"self":[{"href":"https:\/\/economiapoliticacba.com\/index.php?rest_route=\/wp\/v2\/posts\/44709"}],"collection":[{"href":"https:\/\/economiapoliticacba.com\/index.php?rest_route=\/wp\/v2\/posts"}],"about":[{"href":"https:\/\/economiapoliticacba.com\/index.php?rest_route=\/wp\/v2\/types\/post"}],"author":[{"embeddable":true,"href":"https:\/\/economiapoliticacba.com\/index.php?rest_route=\/wp\/v2\/users\/1"}],"replies":[{"embeddable":true,"href":"https:\/\/economiapoliticacba.com\/index.php?rest_route=%2Fwp%2Fv2%2Fcomments&post=44709"}],"version-history":[{"count":0,"href":"https:\/\/economiapoliticacba.com\/index.php?rest_route=\/wp\/v2\/posts\/44709\/revisions"}],"wp:featuredmedia":[{"embeddable":true,"href":"https:\/\/economiapoliticacba.com\/index.php?rest_route=\/wp\/v2\/media\/44710"}],"wp:attachment":[{"href":"https:\/\/economiapoliticacba.com\/index.php?rest_route=%2Fwp%2Fv2%2Fmedia&parent=44709"}],"wp:term":[{"taxonomy":"category","embeddable":true,"href":"https:\/\/economiapoliticacba.com\/index.php?rest_route=%2Fwp%2Fv2%2Fcategories&post=44709"},{"taxonomy":"post_tag","embeddable":true,"href":"https:\/\/economiapoliticacba.com\/index.php?rest_route=%2Fwp%2Fv2%2Ftags&post=44709"}],"curies":[{"name":"wp","href":"https:\/\/api.w.org\/{rel}","templated":true}]}}